{"id":301947,"date":"2023-06-26T14:00:30","date_gmt":"2023-06-26T11:00:30","guid":{"rendered":"https:\/\/sana.sy\/es\/?p=301947"},"modified":"2023-06-26T14:00:30","modified_gmt":"2023-06-26T11:00:30","slug":"rusia-detiene-el-regimen-de-operaciones-antiterroristas-en-moscu-y-sus-suburbios","status":"publish","type":"post","link":"https:\/\/archive.sana.sy\/es\/?p=301947","title":{"rendered":"Rusia detiene el r\u00e9gimen de operaciones antiterroristas en Mosc\u00fa y sus suburbios"},"content":{"rendered":"<p style=\"text-align: justify;\"><span style=\"color: #800000;\"><strong>Mosc\u00fa, 26 jun (SANA)<\/strong> <\/span>El Cuartel General de Operaciones en Mosc\u00fa y sus alrededores anunci\u00f3 el cese del r\u00e9gimen de operaciones antiterroristas, que se activ\u00f3 anteriormente en la regi\u00f3n en el contexto de la insurrecci\u00f3n armada del Grupo Wagner en Rusia.<\/p>\n<p style=\"text-align: justify;\">&#8220;El jefe del Departamento del Servicio Federal de Seguridad de Rusia para la ciudad de Mosc\u00fa y la regi\u00f3n de Mosc\u00fa decidi\u00f3 cancelar el sistema de operaciones antiterroristas en la regi\u00f3n de Mosc\u00fa, a partir de las 09:00 am del 26 de julio de 2023\u201d, inform\u00f3 el Cuartel en un comunicado citado por Sputnik .<\/p>\n<p style=\"text-align: justify;\">Seg\u00fan el comunicado, se han levantado las restricciones temporales vigentes en el territorio de la regi\u00f3n de Mosc\u00fa.<\/p>\n<p style=\"text-align: justify;\">ed\/fm<\/p>\n","protected":false},"excerpt":{"rendered":"<p>Mosc\u00fa, 26 jun (SANA) El Cuartel General de Operaciones en Mosc\u00fa y sus alrededores anunci\u00f3 el cese del r\u00e9gimen de operaciones antiterroristas, que se activ\u00f3 anteriormente en la regi\u00f3n en el contexto de la insurrecci\u00f3n armada del Grupo Wagner en Rusia. &#8220;El jefe del Departamento del Servicio Federal de Seguridad de Rusia para la ciudad &hellip;<\/p>\n","protected":false},"author":32,"featured_media":301948,"comment_status":"closed","ping_status":"closed","sticky":false,"template":"","format":"standard","meta":{"footnotes":""},"categories":[597,456,16687,20724,7541],"tags":[],"class_list":["post-301947","post","type-post","status-publish","format-standard","has-post-thumbnail","","category-cinta-de-noticias","category-arabe-internacional-politica","category-internacionales","category-minuto-a-minuto","category-ultimas-noticias"],"_links":{"self":[{"href":"https:\/\/archive.sana.sy\/es\/index.php?rest_route=\/wp\/v2\/posts\/301947"}],"collection":[{"href":"https:\/\/archive.sana.sy\/es\/index.php?rest_route=\/wp\/v2\/posts"}],"about":[{"href":"https:\/\/archive.sana.sy\/es\/index.php?rest_route=\/wp\/v2\/types\/post"}],"author":[{"embeddable":true,"href":"https:\/\/archive.sana.sy\/es\/index.php?rest_route=\/wp\/v2\/users\/32"}],"replies":[{"embeddable":true,"href":"https:\/\/archive.sana.sy\/es\/index.php?rest_route=%2Fwp%2Fv2%2Fcomments&post=301947"}],"version-history":[{"count":1,"href":"https:\/\/archive.sana.sy\/es\/index.php?rest_route=\/wp\/v2\/posts\/301947\/revisions"}],"predecessor-version":[{"id":301949,"href":"https:\/\/archive.sana.sy\/es\/index.php?rest_route=\/wp\/v2\/posts\/301947\/revisions\/301949"}],"wp:featuredmedia":[{"embeddable":true,"href":"https:\/\/archive.sana.sy\/es\/index.php?rest_route=\/wp\/v2\/media\/301948"}],"wp:attachment":[{"href":"https:\/\/archive.sana.sy\/es\/index.php?rest_route=%2Fwp%2Fv2%2Fmedia&parent=301947"}],"wp:term":[{"taxonomy":"category","embeddable":true,"href":"https:\/\/archive.sana.sy\/es\/index.php?rest_route=%2Fwp%2Fv2%2Fcategories&post=301947"},{"taxonomy":"post_tag","embeddable":true,"href":"https:\/\/archive.sana.sy\/es\/index.php?rest_route=%2Fwp%2Fv2%2Ftags&post=301947"}],"curies":[{"name":"wp","href":"https:\/\/api.w.org\/{rel}","templated":true}]}}