{"id":301967,"date":"2023-06-26T16:40:18","date_gmt":"2023-06-26T13:40:18","guid":{"rendered":"https:\/\/sana.sy\/es\/?p=301967"},"modified":"2023-06-26T16:40:18","modified_gmt":"2023-06-26T13:40:18","slug":"al-assad-occidente-no-lograra-interrumpir-el-empeno-del-estado-sirio-por-recuperar-la-seguridad-y-estabilidad","status":"publish","type":"post","link":"https:\/\/archive.sana.sy\/es\/?p=301967","title":{"rendered":"Al-Assad: Occidente no lograr\u00e1 interrumpir el empe\u00f1o del Estado sirio por recuperar la seguridad y estabilidad"},"content":{"rendered":"<blockquote>\n<p style=\"text-align: justify;\"><span style=\"color: #993300;\">Las dos partes trataron temas relacionados con la lucha contra el terrorismo y los esfuerzos conjuntos relativos al expediente del retorno de refugiados sirios a su pa\u00eds.<\/span><\/p>\n<\/blockquote>\n<p style=\"text-align: justify;\">\n<p style=\"text-align: justify;\"><strong><span style=\"color: #800000;\">Damasco, 26 jun (SANA)\u00a0<\/span> <\/strong>El presidente Bashar Al-Assad, sostuvo hoy conversaciones con el viceministro de Relaciones Exteriores de Rusia, Sergei Vershinin, sobre las relaciones entre Siria y Rusia, y la coordinaci\u00f3n bilateral de cara a los recientes sucesos.<\/p>\n<p style=\"text-align: justify;\">Las dos partes trataron temas relacionados con la lucha contra el terrorismo y los esfuerzos conjuntos relativos al expediente del retorno de refugiados sirios a su pa\u00eds.<\/p>\n<p style=\"text-align: justify;\">El presidente Al-Assad afirm\u00f3 que el empe\u00f1o occidental encaminado a interrumpir los esfuerzos del Estado sirio para recuperar la seguridad y la estabilidad en todo su territorio nacional, no tendr\u00e1 \u00e9xito y no afectar\u00e1n las aspiraciones de los sirios en la recuperaci\u00f3n y estabilidad.<\/p>\n<p style=\"text-align: justify;\">El mandatario ratific\u00f3 el apoyo de Siria a la posici\u00f3n rusa respecto a la situaci\u00f3n en Ucrania y su rechazo a todos los intentos occidentales hostiles a Mosc\u00fa en este contexto.<\/p>\n<p style=\"text-align: justify;\">A su vez, Vershnin transmiti\u00f3 al presidente Al-Assad los saludos del presidente Putin y su aprecio por el buen estado de la relaci\u00f3n entre los dos pa\u00edses.<\/p>\n<p style=\"text-align: justify;\">Subray\u00f3 la necesidad de moverse en el contexto de la nueva etapa en las relaciones internacionales ante el temor de Estados Unidos y sus aliados occidentales de perder el control pol\u00edtico y econ\u00f3mico a nivel global.<\/p>\n<p style=\"text-align: justify;\">El Vicecanciller del pa\u00eds euroasi\u00e1tico elogi\u00f3 los recientes \u00e9xitos pol\u00edticos de Siria a nivel \u00e1rabe e internacional, y destac\u00f3 la importancia de la coordinaci\u00f3n sirio-rusa en los foros internacionales y los esfuerzos conjuntos para combatir el terrorismo.<\/p>\n<p style=\"text-align: justify;\">Ratific\u00f3 el continuo apoyo de su pa\u00eds a Siria en la defensa de su soberan\u00eda e integridad territorial.<\/p>\n<p style=\"text-align: justify;\">fm\/ed<\/p>\n","protected":false},"excerpt":{"rendered":"<p>Las dos partes trataron temas relacionados con la lucha contra el terrorismo y los esfuerzos conjuntos relativos al expediente del retorno de refugiados sirios a su pa\u00eds. Damasco, 26 jun (SANA)\u00a0 El presidente Bashar Al-Assad, sostuvo hoy conversaciones con el viceministro de Relaciones Exteriores de Rusia, Sergei Vershinin, sobre las relaciones entre Siria y Rusia, &hellip;<\/p>\n","protected":false},"author":32,"featured_media":301964,"comment_status":"closed","ping_status":"closed","sticky":false,"template":"","format":"standard","meta":{"footnotes":""},"categories":[477,597,20724,16237,583,626],"tags":[],"class_list":["post-301967","post","type-post","status-publish","format-standard","has-post-thumbnail","","category-noticias-edulcorantes","category-cinta-de-noticias","category-minuto-a-minuto","category-presidence-de-la-republique-arabe-syria","category-slide","category-sr-presidente"],"_links":{"self":[{"href":"https:\/\/archive.sana.sy\/es\/index.php?rest_route=\/wp\/v2\/posts\/301967"}],"collection":[{"href":"https:\/\/archive.sana.sy\/es\/index.php?rest_route=\/wp\/v2\/posts"}],"about":[{"href":"https:\/\/archive.sana.sy\/es\/index.php?rest_route=\/wp\/v2\/types\/post"}],"author":[{"embeddable":true,"href":"https:\/\/archive.sana.sy\/es\/index.php?rest_route=\/wp\/v2\/users\/32"}],"replies":[{"embeddable":true,"href":"https:\/\/archive.sana.sy\/es\/index.php?rest_route=%2Fwp%2Fv2%2Fcomments&post=301967"}],"version-history":[{"count":1,"href":"https:\/\/archive.sana.sy\/es\/index.php?rest_route=\/wp\/v2\/posts\/301967\/revisions"}],"predecessor-version":[{"id":301968,"href":"https:\/\/archive.sana.sy\/es\/index.php?rest_route=\/wp\/v2\/posts\/301967\/revisions\/301968"}],"wp:featuredmedia":[{"embeddable":true,"href":"https:\/\/archive.sana.sy\/es\/index.php?rest_route=\/wp\/v2\/media\/301964"}],"wp:attachment":[{"href":"https:\/\/archive.sana.sy\/es\/index.php?rest_route=%2Fwp%2Fv2%2Fmedia&parent=301967"}],"wp:term":[{"taxonomy":"category","embeddable":true,"href":"https:\/\/archive.sana.sy\/es\/index.php?rest_route=%2Fwp%2Fv2%2Fcategories&post=301967"},{"taxonomy":"post_tag","embeddable":true,"href":"https:\/\/archive.sana.sy\/es\/index.php?rest_route=%2Fwp%2Fv2%2Ftags&post=301967"}],"curies":[{"name":"wp","href":"https:\/\/api.w.org\/{rel}","templated":true}]}}