{"id":301969,"date":"2023-06-26T17:00:31","date_gmt":"2023-06-26T14:00:31","guid":{"rendered":"https:\/\/sana.sy\/es\/?p=301969"},"modified":"2023-06-26T17:00:31","modified_gmt":"2023-06-26T14:00:31","slug":"siria-y-tunez-afianzan-cooperacion-bilateral","status":"publish","type":"post","link":"https:\/\/archive.sana.sy\/es\/?p=301969","title":{"rendered":"Siria y T\u00fanez afianzan cooperaci\u00f3n bilateral"},"content":{"rendered":"<p style=\"text-align: justify;\"><span style=\"color: #800000;\">Damasco, 26 jun (SANA)<\/span> Siria y T\u00fanez abordaron hoy lazos de cooperaci\u00f3n conjunta en materia de transporte a\u00e9reo, mar\u00edtimo y terrestre, as\u00ed como activar los acuerdos suscritos en el campo agr\u00edcola.<\/p>\n<p style=\"text-align: justify;\">La nueva discusi\u00f3n tuvo lugar en un encuentro que reuni\u00f3 a los ministros sirios de Transporte, Agricultura y Reforma Agraria, con el embajador tunecino en Damasco, Mohamed Al-Mahdhabi.<\/p>\n<p style=\"text-align: justify;\">En este sentido, el ministerio de Transporte, Zuhair Khuzaym, se refiri\u00f3 a la solidez de las relaciones entre los dos pa\u00edses y la necesidad de elevar los nexos de econ\u00f3mica y comercial al nivel de las relaciones pol\u00edticas.<\/p>\n<p style=\"text-align: justify;\">Por su parte, el embajador tunecino transmiti\u00f3 el deseo del Ministerio de Transportes tunecino de desarrollar las relaciones bilaterales, y destac\u00f3 importancia de reactivar la l\u00ednea a\u00e9rea entre ambos destinos y activar la actividad comercial, econ\u00f3mica y tur\u00edstica entre las dos naciones.<\/p>\n<p style=\"text-align: justify;\">A su vez, el ministro de Agricultura, Mohamed Hassan Qatna, recalc\u00f3 necesidad de revisar los acuerdos firmados entre ambas partes en el campo de agricultura, y llegar a un acuerdo marco claro e integral.<\/p>\n<p style=\"text-align: justify;\">El ministro Qatna propuso el establecimiento de una l\u00ednea mar\u00edtima entre Siria y T\u00fanez para el transporte de productos agr\u00edcolas, un mercado com\u00fan y dar ventajas preferenciales para facilitar el transporte de estos productos.<\/p>\n<p style=\"text-align: justify;\">Al respecto, el diplom\u00e1tico tunecino insisti\u00f3 en la necesidad de pasar de los acuerdos generales a los especializados y acelerar su implementaci\u00f3n, y subray\u00f3 la disposici\u00f3n del gobierno tunecino para desarrollar la cooperaci\u00f3n e el intercambio de productos, informaci\u00f3n, investigaciones y experiencias.<\/p>\n<p style=\"text-align: justify;\">En respuesta a la iniciativa del presidente tunecino Kais Saied de nombrar un embajador de su pa\u00eds en Damasco, Siria anunci\u00f3 el pasado mes de marzo la reapertura de su embajada en T\u00fanez y nombrar a un embajador al frente.<\/p>\n<p>mm<\/p>\n","protected":false},"excerpt":{"rendered":"<p>Damasco, 26 jun (SANA) Siria y T\u00fanez abordaron hoy lazos de cooperaci\u00f3n conjunta en materia de transporte a\u00e9reo, mar\u00edtimo y terrestre, as\u00ed como activar los acuerdos suscritos en el campo agr\u00edcola. La nueva discusi\u00f3n tuvo lugar en un encuentro que reuni\u00f3 a los ministros sirios de Transporte, Agricultura y Reforma Agraria, con el embajador tunecino &hellip;<\/p>\n","protected":false},"author":36,"featured_media":301970,"comment_status":"closed","ping_status":"closed","sticky":false,"template":"","format":"standard","meta":{"footnotes":""},"categories":[597,20724,467,7541],"tags":[22203],"class_list":["post-301969","post","type-post","status-publish","format-standard","has-post-thumbnail","","category-cinta-de-noticias","category-minuto-a-minuto","category-siria-y-el-mundo","category-ultimas-noticias","tag-siria-y-tunez"],"_links":{"self":[{"href":"https:\/\/archive.sana.sy\/es\/index.php?rest_route=\/wp\/v2\/posts\/301969"}],"collection":[{"href":"https:\/\/archive.sana.sy\/es\/index.php?rest_route=\/wp\/v2\/posts"}],"about":[{"href":"https:\/\/archive.sana.sy\/es\/index.php?rest_route=\/wp\/v2\/types\/post"}],"author":[{"embeddable":true,"href":"https:\/\/archive.sana.sy\/es\/index.php?rest_route=\/wp\/v2\/users\/36"}],"replies":[{"embeddable":true,"href":"https:\/\/archive.sana.sy\/es\/index.php?rest_route=%2Fwp%2Fv2%2Fcomments&post=301969"}],"version-history":[{"count":1,"href":"https:\/\/archive.sana.sy\/es\/index.php?rest_route=\/wp\/v2\/posts\/301969\/revisions"}],"predecessor-version":[{"id":301971,"href":"https:\/\/archive.sana.sy\/es\/index.php?rest_route=\/wp\/v2\/posts\/301969\/revisions\/301971"}],"wp:featuredmedia":[{"embeddable":true,"href":"https:\/\/archive.sana.sy\/es\/index.php?rest_route=\/wp\/v2\/media\/301970"}],"wp:attachment":[{"href":"https:\/\/archive.sana.sy\/es\/index.php?rest_route=%2Fwp%2Fv2%2Fmedia&parent=301969"}],"wp:term":[{"taxonomy":"category","embeddable":true,"href":"https:\/\/archive.sana.sy\/es\/index.php?rest_route=%2Fwp%2Fv2%2Fcategories&post=301969"},{"taxonomy":"post_tag","embeddable":true,"href":"https:\/\/archive.sana.sy\/es\/index.php?rest_route=%2Fwp%2Fv2%2Ftags&post=301969"}],"curies":[{"name":"wp","href":"https:\/\/api.w.org\/{rel}","templated":true}]}}