{"id":30197,"date":"2015-09-18T17:02:07","date_gmt":"2015-09-18T14:02:07","guid":{"rendered":"http:\/\/sana.sy\/es\/?p=30197"},"modified":"2023-01-09T14:09:48","modified_gmt":"2023-01-09T12:09:48","slug":"direccion-general-de-agua-potable-y-saneamiento-adopta-medidas-contra-la-escasez-de-agua-potable-en-damasco-2","status":"publish","type":"post","link":"https:\/\/archive.sana.sy\/es\/?p=30197","title":{"rendered":"Direcci\u00f3n General de Agua Potable y Saneamiento adopta medidas contra la escasez de agua potable en Damasco"},"content":{"rendered":"<p style=\"text-align: justify\"><span style=\"color: #800000\">Damasco, SANA<\/span>&#8211; El director de la direcci\u00f3n general de Agua Potable y Saneamiento de Damasco y su campi\u00f1a Hussam al-Din Hredin, dijo: &#8220;La falta de agua en la ciudad de Damasco, durante las \u00faltimas horas, es debido al ataque terrorista contra la l\u00ednea principal de suministro de agua en la zona de Eyen al-Fija\u201c.<\/p>\n<p style=\"text-align: justify\">En un comunicado que Sana recibi\u00f3 una copia del cual dijo el director: &#8220;el ataque contra la l\u00ednea de suministro llev\u00f3 a la p\u00e9rdida de alrededor de 90 000 metros c\u00fabicos de agua al d\u00eda, por lo cual la direcci\u00f3n se vio obligada a reducir las horas de suministro de agua en Damasco a 3 o 4 horas al d\u00eda como m\u00e1ximo.&#8221;<\/p>\n<p style=\"text-align: justify\">El director Se\u00f1al\u00f3 que la instituci\u00f3n est\u00e1 trabajando en coordinaci\u00f3n con la comunidad local en la zona de Eyen al-Fijeh para garantizar la entrada de los equipos de reparaci\u00f3n y mantenimiento para arreglar la aver\u00edas y da\u00f1os causados por las organizaciones terroristas.<\/p>\n<p style=\"text-align: justify\">En el mismo contexto, Hredin confirm\u00f3 que la instituci\u00f3n est\u00e1 trabajando para proveer de agua a todas las zonas de la ciudad a trav\u00e9s de la cuenca de Damasco y sus estaciones.<\/p>\n<p>M.Miri<\/p>\n","protected":false},"excerpt":{"rendered":"<p>Damasco, SANA&#8211; El director de la direcci\u00f3n general de Agua Potable y Saneamiento de Damasco y su campi\u00f1a Hussam al-Din Hredin, dijo: &#8220;La falta de agua en la ciudad de Damasco, durante las \u00faltimas horas, es debido al ataque terrorista contra la l\u00ednea principal de suministro de agua en la zona de Eyen al-Fija\u201c. En &hellip;<\/p>\n","protected":false},"author":1,"featured_media":30198,"comment_status":"closed","ping_status":"closed","sticky":false,"template":"","format":"standard","meta":{"footnotes":""},"categories":[477,476],"tags":[6322],"class_list":["post-30197","post","type-post","status-publish","format-standard","has-post-thumbnail","","category-noticias-edulcorantes","category-locales","tag-direccion-general-de-agua-potable-y-saneamiento-adopta-medidas-contra-la-escasez-de-agua-potable-en-damasco"],"_links":{"self":[{"href":"https:\/\/archive.sana.sy\/es\/index.php?rest_route=\/wp\/v2\/posts\/30197"}],"collection":[{"href":"https:\/\/archive.sana.sy\/es\/index.php?rest_route=\/wp\/v2\/posts"}],"about":[{"href":"https:\/\/archive.sana.sy\/es\/index.php?rest_route=\/wp\/v2\/types\/post"}],"author":[{"embeddable":true,"href":"https:\/\/archive.sana.sy\/es\/index.php?rest_route=\/wp\/v2\/users\/1"}],"replies":[{"embeddable":true,"href":"https:\/\/archive.sana.sy\/es\/index.php?rest_route=%2Fwp%2Fv2%2Fcomments&post=30197"}],"version-history":[{"count":0,"href":"https:\/\/archive.sana.sy\/es\/index.php?rest_route=\/wp\/v2\/posts\/30197\/revisions"}],"wp:featuredmedia":[{"embeddable":true,"href":"https:\/\/archive.sana.sy\/es\/index.php?rest_route=\/wp\/v2\/media\/30198"}],"wp:attachment":[{"href":"https:\/\/archive.sana.sy\/es\/index.php?rest_route=%2Fwp%2Fv2%2Fmedia&parent=30197"}],"wp:term":[{"taxonomy":"category","embeddable":true,"href":"https:\/\/archive.sana.sy\/es\/index.php?rest_route=%2Fwp%2Fv2%2Fcategories&post=30197"},{"taxonomy":"post_tag","embeddable":true,"href":"https:\/\/archive.sana.sy\/es\/index.php?rest_route=%2Fwp%2Fv2%2Ftags&post=30197"}],"curies":[{"name":"wp","href":"https:\/\/api.w.org\/{rel}","templated":true}]}}