{"id":301983,"date":"2023-06-26T18:06:56","date_gmt":"2023-06-26T15:06:56","guid":{"rendered":"https:\/\/sana.sy\/es\/?p=301983"},"modified":"2023-06-27T10:53:36","modified_gmt":"2023-06-27T07:53:36","slug":"al-assad-pide-no-politizar-el-expediente-del-retorno-de-los-refugiados-sirios-a-su-pais","status":"publish","type":"post","link":"https:\/\/archive.sana.sy\/es\/?p=301983","title":{"rendered":"Al-Assad pide no politizar el expediente del retorno de los refugiados sirios a su pa\u00eds"},"content":{"rendered":"<p style=\"text-align: justify;\"><span style=\"color: #800000;\">Damasco, 26 jun (SANA)<\/span> El presidente sirio Bashar al-Assad recibi\u00f3 hoy a Martin Griffiths, el secretario general adjunto de Asuntos Humanitarios y Coordinador del Socorro de Emergencia de las Naciones Unidas (OCHA).<\/p>\n<p style=\"text-align: justify;\">Las dos partes abordaron la movilizaci\u00f3n de los esfuerzos para apoyar los proyectos de recuperaci\u00f3n temprana relacionados con el retorno de los refugiados sirios, y mantener el expediente de los refugiados dentro de su marco humanitario y \u00e9tico.<\/p>\n<p style=\"text-align: justify;\">El mandatario subray\u00f3 la necesidad de no politizar el expediente del retorno de los refugiados sirios a su pa\u00eds.<\/p>\n<p style=\"text-align: justify;\">El regreso seguro de los refugiados sirios es una meta suprema del Estado sirio, pero este proceso depende de garantizar la reconstrucci\u00f3n de las estructuras da\u00f1adas en los pueblos y ciudades a donde van a retornar, y la rehabilitaci\u00f3n de las instalaciones de servicio en todas sus formas, adem\u00e1s de la necesidad de implementar proyectos de recuperaci\u00f3n temprana, manifest\u00f3 el jefe de Estado.<\/p>\n<p style=\"text-align: justify;\">Destac\u00f3 que las instituciones estatales sirias han tomado muchas medidas para ayudar al regreso de los refugiados y est\u00e1n trabajando para asegurar lo que respalda su estabilidad dentro de las capacidades disponibles.<\/p>\n<p style=\"text-align: justify;\">Griffiths, por su parte, present\u00f3 al presidente Al-Assad el plan de acci\u00f3n de la organizaci\u00f3n internacional para la pr\u00f3xima etapa con el fin de apoyar los proyectos de recuperaci\u00f3n temprana en Siria y movilizar los esfuerzos para ayudar a garantizar las condiciones adecuadas para el regreso de los refugiados.<\/p>\n<p>En el mismo contexto, el ministro de Asuntos Exteriores, Faisal Al-Mekdad, repas\u00f3 con Griffiths los avances que se han logrado gracias a la cooperaci\u00f3n entre Siria y las agencias humanitarias de Naciones Unidas, en particular despu\u00e9s del desastre del terremoto que azot\u00f3 el pa\u00f1is el pasado mes de febrero.<\/p>\n<p style=\"text-align: justify;\">Al-Mekdad destac\u00f3 la importancia de detener la politizaci\u00f3n del expediente humanitario y adherirse a las resoluciones de la ONU que enfatizan la necesidad de respetar la soberan\u00eda, la independencia y la integridad territorial de los estados.<\/p>\n<p>A su vez, Griffiths expres\u00f3 su agradecimiento por la cooperaci\u00f3n que Siria brinda a las Naciones Unidas y sus organizaciones para facilitar el trabajo humanitario y de socorro, y para entregar ayuda a quienes lo merecen en las regiones sirias sin discriminaci\u00f3n, reiterando el compromiso de las organizaciones internacionales con los principios del trabajo humanitario.<\/p>\n<p>fm\/mm<\/p>\n","protected":false},"excerpt":{"rendered":"<p>Damasco, 26 jun (SANA) El presidente sirio Bashar al-Assad recibi\u00f3 hoy a Martin Griffiths, el secretario general adjunto de Asuntos Humanitarios y Coordinador del Socorro de Emergencia de las Naciones Unidas (OCHA). Las dos partes abordaron la movilizaci\u00f3n de los esfuerzos para apoyar los proyectos de recuperaci\u00f3n temprana relacionados con el retorno de los refugiados &hellip;<\/p>\n","protected":false},"author":36,"featured_media":301984,"comment_status":"closed","ping_status":"closed","sticky":false,"template":"","format":"standard","meta":{"footnotes":""},"categories":[597,20724,16237,583,626],"tags":[22204],"class_list":["post-301983","post","type-post","status-publish","format-standard","has-post-thumbnail","","category-cinta-de-noticias","category-minuto-a-minuto","category-presidence-de-la-republique-arabe-syria","category-slide","category-sr-presidente","tag-el-presidente-sirio-bashar-al-assad"],"_links":{"self":[{"href":"https:\/\/archive.sana.sy\/es\/index.php?rest_route=\/wp\/v2\/posts\/301983"}],"collection":[{"href":"https:\/\/archive.sana.sy\/es\/index.php?rest_route=\/wp\/v2\/posts"}],"about":[{"href":"https:\/\/archive.sana.sy\/es\/index.php?rest_route=\/wp\/v2\/types\/post"}],"author":[{"embeddable":true,"href":"https:\/\/archive.sana.sy\/es\/index.php?rest_route=\/wp\/v2\/users\/36"}],"replies":[{"embeddable":true,"href":"https:\/\/archive.sana.sy\/es\/index.php?rest_route=%2Fwp%2Fv2%2Fcomments&post=301983"}],"version-history":[{"count":4,"href":"https:\/\/archive.sana.sy\/es\/index.php?rest_route=\/wp\/v2\/posts\/301983\/revisions"}],"predecessor-version":[{"id":302036,"href":"https:\/\/archive.sana.sy\/es\/index.php?rest_route=\/wp\/v2\/posts\/301983\/revisions\/302036"}],"wp:featuredmedia":[{"embeddable":true,"href":"https:\/\/archive.sana.sy\/es\/index.php?rest_route=\/wp\/v2\/media\/301984"}],"wp:attachment":[{"href":"https:\/\/archive.sana.sy\/es\/index.php?rest_route=%2Fwp%2Fv2%2Fmedia&parent=301983"}],"wp:term":[{"taxonomy":"category","embeddable":true,"href":"https:\/\/archive.sana.sy\/es\/index.php?rest_route=%2Fwp%2Fv2%2Fcategories&post=301983"},{"taxonomy":"post_tag","embeddable":true,"href":"https:\/\/archive.sana.sy\/es\/index.php?rest_route=%2Fwp%2Fv2%2Ftags&post=301983"}],"curies":[{"name":"wp","href":"https:\/\/api.w.org\/{rel}","templated":true}]}}