{"id":301988,"date":"2023-06-26T18:23:04","date_gmt":"2023-06-26T15:23:04","guid":{"rendered":"https:\/\/sana.sy\/es\/?p=301988"},"modified":"2023-06-26T18:23:04","modified_gmt":"2023-06-26T15:23:04","slug":"rusia-investiga-posible-participacion-occidental-en-los-recientes-acontecimientos","status":"publish","type":"post","link":"https:\/\/archive.sana.sy\/es\/?p=301988","title":{"rendered":"Rusia investiga posible participaci\u00f3n occidental en los recientes acontecimientos"},"content":{"rendered":"<p style=\"text-align: justify;\"><span style=\"color: #800000;\">Mosc\u00fa, 26 jun (SANA)<\/span> La inteligencia rusa investiga si su par occidental estuvo involucrada en el intento de &#8220;insurrecci\u00f3n armada&#8221; del jefe del grupo militar Wagner el 24 de este mes, en la provincia de Rostov, al suroeste del pa\u00eds, declar\u00f3 hoy el canciller ruso, Sergey Lavrov en entrevista con el canal entrevista con el canal &#8220;RT&#8221;.<\/p>\n<p style=\"text-align: justify;\">\u201cLa propuesta del presidente bielorruso Alexander Lukashenko para mediar en la situaci\u00f3n relacionada con los eventos del 24 de este mes fue apoyada por el presidente Vladimir Putin\u201d, dijo Lavrov, y agreg\u00f3 que varios ministros de Relaciones Exteriores expresaron solidaridad y con Mosc\u00fa contra los intentos de socavar la unidad del Estado.<\/p>\n<p style=\"text-align: justify;\">Lavrov enfatiz\u00f3 que este intento fallido no crear\u00e1 dificultades en las relaciones de la Federaci\u00f3n Rusa con los amigos, e indic\u00f3 que los preparativos para la cumbre ruso-africana est\u00e1n en plena marcha y se est\u00e1 trabajando para agregar nuevos puntos a la agenda de la cumbre.<\/p>\n<p style=\"text-align: justify;\">En cuanto a las declaraciones de los analistas occidentales y los medios occidentales sobre los recientes acontecimientos, Lavrov dijo: Lo m\u00e1s probable es que quieran ver lo que imaginan como realista, y sab\u00edamos c\u00f3mo cubrieron los eventos, ya que la red informativa CNN anunci\u00f3 que la inteligencia estadounidense estaba al tanto de esta rebeli\u00f3n, y decidieron no hablar, aparentemente esperando que tuviera \u00e9xito.<\/p>\n<p style=\"text-align: justify;\">Lavrov agreg\u00f3 que el embajador de EE. UU. en Mosc\u00fa se puso en contacto con funcionarios rusos y consider\u00f3 que los eventos relacionados con el intento de desobediencia eran un asunto interno y envi\u00f3 se\u00f1ales a los representantes de la Federaci\u00f3n Rusa de que Washington no ten\u00eda nada que ver con lo que estaba sucediendo.<\/p>\n<p style=\"text-align: justify;\">En respuesta al comentario del presidente franc\u00e9s Emmanuel Macron sobre lo sucedido, el ministro de Relaciones Exteriores de Rusia dijo: Est\u00e1 claro que Macron vio en ello una oportunidad para lograr los objetivos de Occidente al infligir una derrota estrat\u00e9gica a Rusia.<\/p>\n<p style=\"text-align: justify;\">Cabe se\u00f1alar que las autoridades rusas anunciaron la vuelta a la normalidad del tr\u00e1fico y la vida en las provincias de Lipetsk, Kaluga y Voronezh, tras el fin de la insurrecci\u00f3n armadas anunciada por el grupo paramilitar Wagner.<\/p>\n<p>mm<\/p>\n","protected":false},"excerpt":{"rendered":"<p>Mosc\u00fa, 26 jun (SANA) La inteligencia rusa investiga si su par occidental estuvo involucrada en el intento de &#8220;insurrecci\u00f3n armada&#8221; del jefe del grupo militar Wagner el 24 de este mes, en la provincia de Rostov, al suroeste del pa\u00eds, declar\u00f3 hoy el canciller ruso, Sergey Lavrov en entrevista con el canal entrevista con el &hellip;<\/p>\n","protected":false},"author":36,"featured_media":301989,"comment_status":"closed","ping_status":"closed","sticky":false,"template":"","format":"standard","meta":{"footnotes":""},"categories":[597,456,16687,20724,457],"tags":[22205],"class_list":["post-301988","post","type-post","status-publish","format-standard","has-post-thumbnail","","category-cinta-de-noticias","category-arabe-internacional-politica","category-internacionales","category-minuto-a-minuto","category-noticias-arabe-internacional-politica","tag-sergey-lavrov"],"_links":{"self":[{"href":"https:\/\/archive.sana.sy\/es\/index.php?rest_route=\/wp\/v2\/posts\/301988"}],"collection":[{"href":"https:\/\/archive.sana.sy\/es\/index.php?rest_route=\/wp\/v2\/posts"}],"about":[{"href":"https:\/\/archive.sana.sy\/es\/index.php?rest_route=\/wp\/v2\/types\/post"}],"author":[{"embeddable":true,"href":"https:\/\/archive.sana.sy\/es\/index.php?rest_route=\/wp\/v2\/users\/36"}],"replies":[{"embeddable":true,"href":"https:\/\/archive.sana.sy\/es\/index.php?rest_route=%2Fwp%2Fv2%2Fcomments&post=301988"}],"version-history":[{"count":1,"href":"https:\/\/archive.sana.sy\/es\/index.php?rest_route=\/wp\/v2\/posts\/301988\/revisions"}],"predecessor-version":[{"id":301990,"href":"https:\/\/archive.sana.sy\/es\/index.php?rest_route=\/wp\/v2\/posts\/301988\/revisions\/301990"}],"wp:featuredmedia":[{"embeddable":true,"href":"https:\/\/archive.sana.sy\/es\/index.php?rest_route=\/wp\/v2\/media\/301989"}],"wp:attachment":[{"href":"https:\/\/archive.sana.sy\/es\/index.php?rest_route=%2Fwp%2Fv2%2Fmedia&parent=301988"}],"wp:term":[{"taxonomy":"category","embeddable":true,"href":"https:\/\/archive.sana.sy\/es\/index.php?rest_route=%2Fwp%2Fv2%2Fcategories&post=301988"},{"taxonomy":"post_tag","embeddable":true,"href":"https:\/\/archive.sana.sy\/es\/index.php?rest_route=%2Fwp%2Fv2%2Ftags&post=301988"}],"curies":[{"name":"wp","href":"https:\/\/api.w.org\/{rel}","templated":true}]}}