{"id":30203,"date":"2015-09-18T17:56:02","date_gmt":"2015-09-18T14:56:02","guid":{"rendered":"http:\/\/sana.sy\/es\/?p=30203"},"modified":"2015-09-18T17:56:02","modified_gmt":"2015-09-18T14:56:02","slug":"agresiones-israelies-continuas-contra-al-aqsa","status":"publish","type":"post","link":"https:\/\/archive.sana.sy\/es\/?p=30203","title":{"rendered":"Agresiones israel\u00edes continuas contra Al Aqsa"},"content":{"rendered":"<p style=\"text-align: justify\"><span style=\"color: #800000\">Jerusal\u00e9n ocupada-SANA<\/span> &#8211; La ciudad de Al-Quds (Jerusal\u00e9n) ha sido este viernes escenario de duros choques entre las fuerzas de seguridad del r\u00e9gimen ocupante de \u00a0Israel y los palestinos que han salido en defensa de la Mezquita Al-Aqsa.<\/p>\n<p style=\"text-align: justify\">Los enfrentamientos se produjeron tras el rezo colectivo del viernes, cuando los palestinos protestaban contra los ataques de los soldados y los colonos israel\u00edes contra la Mezquita.<\/p>\n<p style=\"text-align: justify\">Los soldados israel\u00edes respondieron con fuego para dispersar a los manifestantes. Seg\u00fan la agencia palestina de noticias Sama, al menos ocho palestinos han resultado heridos, uno de ellos en estado cr\u00edtico, al ser alcanzados por las balas.<\/p>\n<p style=\"text-align: justify\">Los medios palestinos informan que el r\u00e9gimen ocupante de Israel ha desplegado cerca de 5000 soldados en diferentes puntos de la ciudad de Al-Quds, y los efectivos israel\u00edes prohibieron la entrada al recinto sagrado de hombres menores de 40 a\u00f1os.<\/p>\n<p style=\"text-align: justify\">Por su parte, el parlamento israel\u00ed ha aprobado este viernes la convocatoria de reservistas de su ej\u00e9rcito por la posible escalda de violencia en la ciudad sagrada, ha informado el canal 2 israel\u00ed, aunque no ha proporcionado detalles sobre la cifra de convocados.<\/p>\n<p style=\"text-align: justify\">Adem\u00e1s, el Consejo de Seguridad de las Naciones Unidas (CSNU) ha manifestado su &#8220;grave preocupaci\u00f3n&#8221; por la violencia en el recinto sagrado de la Mezquita Al-Aqsa, y ha instado a la moderaci\u00f3n y la calma.<\/p>\n<p style=\"text-align: justify\">&#8220;Los miembros del Consejo de Seguridad instan a ejercer la moderaci\u00f3n, abstenerse de acciones y ret\u00f3ricas provocativas, y mantener sin cambios el statu quo hist\u00f3rico&#8221; en el recinto, seg\u00fan una declaraci\u00f3n del CSNU.<\/p>\n<p style=\"text-align: justify\">Tambi\u00e9n, similares protestas se organizaron en varias ciudades en la ocupada Cisjordania, incluyendo Ramal\u00e1, Al-Jalil (Hebr\u00f3n) y Nablus, donde un hombre joven fue baleado por fuerzas de seguridad israel\u00edes despu\u00e9s de lanzar supuestamente una bomba incendiaria.<\/p>\n<p style=\"text-align: justify\">Adem\u00e1s hab\u00eda una fuerte presencia policial en Qalandia, principal puesto de control entre Al-Quds y Ramal\u00e1, que se ha convertido en el centro de las manifestaciones, con enfrentamientos frecuentes entre palestinos y efectivos israel\u00edes.<\/p>\n<p style=\"text-align: justify\">El asalto brutal contra los palestinos comenz\u00f3 el domingo, tras el despliegue de soldados en la zona, con motivo del nuevo a\u00f1o jud\u00edo.<\/p>\n<p style=\"text-align: justify\">Mientras varios pa\u00edses y organismos internacionales han advertido de las consecuencias negativas de las agresiones a la Mezquita Al-Aqsa, las fuerzas del r\u00e9gimen siguen con sus estrategias de asalto y represi\u00f3n.<\/p>\n<p style=\"text-align: justify\">El r\u00e9gimen israel\u00ed, que ocupa la mayor\u00eda de los territorios palestinos, pretende judaizar el recinto y eliminar su identidad isl\u00e1mica.<\/p>\n<p>M.Miri<\/p>\n","protected":false},"excerpt":{"rendered":"<p>Jerusal\u00e9n ocupada-SANA &#8211; La ciudad de Al-Quds (Jerusal\u00e9n) ha sido este viernes escenario de duros choques entre las fuerzas de seguridad del r\u00e9gimen ocupante de \u00a0Israel y los palestinos que han salido en defensa de la Mezquita Al-Aqsa. Los enfrentamientos se produjeron tras el rezo colectivo del viernes, cuando los palestinos protestaban contra los ataques &hellip;<\/p>\n","protected":false},"author":1,"featured_media":30204,"comment_status":"closed","ping_status":"closed","sticky":false,"template":"","format":"standard","meta":{"footnotes":""},"categories":[456,457,576],"tags":[6693],"class_list":["post-30203","post","type-post","status-publish","format-standard","has-post-thumbnail","","category-arabe-internacional-politica","category-noticias-arabe-internacional-politica","category-noticias-politicas","tag-agresiones-israelies-continuas-contra-al-aqsa"],"_links":{"self":[{"href":"https:\/\/archive.sana.sy\/es\/index.php?rest_route=\/wp\/v2\/posts\/30203"}],"collection":[{"href":"https:\/\/archive.sana.sy\/es\/index.php?rest_route=\/wp\/v2\/posts"}],"about":[{"href":"https:\/\/archive.sana.sy\/es\/index.php?rest_route=\/wp\/v2\/types\/post"}],"author":[{"embeddable":true,"href":"https:\/\/archive.sana.sy\/es\/index.php?rest_route=\/wp\/v2\/users\/1"}],"replies":[{"embeddable":true,"href":"https:\/\/archive.sana.sy\/es\/index.php?rest_route=%2Fwp%2Fv2%2Fcomments&post=30203"}],"version-history":[{"count":0,"href":"https:\/\/archive.sana.sy\/es\/index.php?rest_route=\/wp\/v2\/posts\/30203\/revisions"}],"wp:featuredmedia":[{"embeddable":true,"href":"https:\/\/archive.sana.sy\/es\/index.php?rest_route=\/wp\/v2\/media\/30204"}],"wp:attachment":[{"href":"https:\/\/archive.sana.sy\/es\/index.php?rest_route=%2Fwp%2Fv2%2Fmedia&parent=30203"}],"wp:term":[{"taxonomy":"category","embeddable":true,"href":"https:\/\/archive.sana.sy\/es\/index.php?rest_route=%2Fwp%2Fv2%2Fcategories&post=30203"},{"taxonomy":"post_tag","embeddable":true,"href":"https:\/\/archive.sana.sy\/es\/index.php?rest_route=%2Fwp%2Fv2%2Ftags&post=30203"}],"curies":[{"name":"wp","href":"https:\/\/api.w.org\/{rel}","templated":true}]}}