{"id":302040,"date":"2023-06-27T13:12:12","date_gmt":"2023-06-27T10:12:12","guid":{"rendered":"https:\/\/sana.sy\/es\/?p=302040"},"modified":"2023-06-27T13:12:12","modified_gmt":"2023-06-27T10:12:12","slug":"grupo-wagner-entrega-sus-armas-pesadas-al-ejercito-ruso","status":"publish","type":"post","link":"https:\/\/archive.sana.sy\/es\/?p=302040","title":{"rendered":"Grupo Wagner entrega sus armas pesadas al Ej\u00e9rcito ruso"},"content":{"rendered":"<p style=\"text-align: justify;\"><span style=\"color: #800000;\"><strong>Mosc\u00fa, 27 jun (SANA)\u00a0<\/strong><\/span> Como parte de los acuerdos que pusieron fin al mot\u00edn armado del Grupo Wagner, los equipos pesados de ese grupo ser\u00e1n entregados a las unidades de las Fuerzas Armadas.<\/p>\n<p style=\"text-align: justify;\">El Ministerio de Defensa ruso record\u00f3 que en lo acordado gracias a la mediaci\u00f3n del presidente belaruso, Alexander Lukashenko, se estipulaba que los equipos pesados del Grupo Wagner ser\u00edan entregados a unidades de combate del Ej\u00e9rcito regular de Rusia.<\/p>\n<p style=\"text-align: justify;\">&#8220;Est\u00e1n en marcha preparativos para transferir los equipos militares pesados del Grupo Wagner a las unidades de las Fuerzas Armadas de Rusia&#8221;, destac\u00f3 el ente castrense ruso.<\/p>\n<p style=\"text-align: justify;\">fm\/ed<\/p>\n","protected":false},"excerpt":{"rendered":"<p>Mosc\u00fa, 27 jun (SANA)\u00a0 Como parte de los acuerdos que pusieron fin al mot\u00edn armado del Grupo Wagner, los equipos pesados de ese grupo ser\u00e1n entregados a las unidades de las Fuerzas Armadas. El Ministerio de Defensa ruso record\u00f3 que en lo acordado gracias a la mediaci\u00f3n del presidente belaruso, Alexander Lukashenko, se estipulaba que &hellip;<\/p>\n","protected":false},"author":32,"featured_media":302041,"comment_status":"closed","ping_status":"closed","sticky":false,"template":"","format":"standard","meta":{"footnotes":""},"categories":[597,456,16687,20724,7541],"tags":[],"class_list":["post-302040","post","type-post","status-publish","format-standard","has-post-thumbnail","","category-cinta-de-noticias","category-arabe-internacional-politica","category-internacionales","category-minuto-a-minuto","category-ultimas-noticias"],"_links":{"self":[{"href":"https:\/\/archive.sana.sy\/es\/index.php?rest_route=\/wp\/v2\/posts\/302040"}],"collection":[{"href":"https:\/\/archive.sana.sy\/es\/index.php?rest_route=\/wp\/v2\/posts"}],"about":[{"href":"https:\/\/archive.sana.sy\/es\/index.php?rest_route=\/wp\/v2\/types\/post"}],"author":[{"embeddable":true,"href":"https:\/\/archive.sana.sy\/es\/index.php?rest_route=\/wp\/v2\/users\/32"}],"replies":[{"embeddable":true,"href":"https:\/\/archive.sana.sy\/es\/index.php?rest_route=%2Fwp%2Fv2%2Fcomments&post=302040"}],"version-history":[{"count":1,"href":"https:\/\/archive.sana.sy\/es\/index.php?rest_route=\/wp\/v2\/posts\/302040\/revisions"}],"predecessor-version":[{"id":302042,"href":"https:\/\/archive.sana.sy\/es\/index.php?rest_route=\/wp\/v2\/posts\/302040\/revisions\/302042"}],"wp:featuredmedia":[{"embeddable":true,"href":"https:\/\/archive.sana.sy\/es\/index.php?rest_route=\/wp\/v2\/media\/302041"}],"wp:attachment":[{"href":"https:\/\/archive.sana.sy\/es\/index.php?rest_route=%2Fwp%2Fv2%2Fmedia&parent=302040"}],"wp:term":[{"taxonomy":"category","embeddable":true,"href":"https:\/\/archive.sana.sy\/es\/index.php?rest_route=%2Fwp%2Fv2%2Fcategories&post=302040"},{"taxonomy":"post_tag","embeddable":true,"href":"https:\/\/archive.sana.sy\/es\/index.php?rest_route=%2Fwp%2Fv2%2Ftags&post=302040"}],"curies":[{"name":"wp","href":"https:\/\/api.w.org\/{rel}","templated":true}]}}