{"id":302043,"date":"2023-06-27T13:18:01","date_gmt":"2023-06-27T10:18:01","guid":{"rendered":"https:\/\/sana.sy\/es\/?p=302043"},"modified":"2023-06-27T14:00:00","modified_gmt":"2023-06-27T11:00:00","slug":"lukashenko-bielorrusia-sabra-defenderse-ante-la-amenaza-de-occidente","status":"publish","type":"post","link":"https:\/\/archive.sana.sy\/es\/?p=302043","title":{"rendered":"Lukashenko: Bielorrusia sabr\u00e1 defenderse ante la amenaza de Occidente"},"content":{"rendered":"<blockquote>\n<p style=\"text-align: justify;\"><span style=\"color: #993300;\">Occidente califica de &#8220;simulacro diplom\u00e1tico&#8221; los intentos de resolver pac\u00edficamente el conflicto en Ucrania, pero el precio de estas &#8220;simulaciones&#8221; son &#8220;cientos de miles de vidas humanas&#8221;<\/span><\/p>\n<\/blockquote>\n<p style=\"text-align: justify;\"><strong><span style=\"color: #800000;\">Minsk, 27 jun (SANA) <\/span><\/strong>El presidente bielorruso, Aleks\u00e1nder Lukashenko, dijo que durante la insurgencia en el territorio ruso, el jefe de Estado bielorruso dio las \u00f3rdenes para que el Ej\u00e9rcito, as\u00ed como la Polic\u00eda y las fuerzas especiales de su pa\u00eds se pusieran en alerta m\u00e1xima.<\/p>\n<p style=\"text-align: justify;\">&#8220;Fue doloroso ver los acontecimientos que estaban teniendo lugar en el sur de Rusia porque la patria es una; y si Rusia se derrumba como Estado, todo el mundo quedar\u00e1 bajo los escombros&#8221;, dijo Lukashenko durante su reuni\u00f3n con los comandantes del ej\u00e9rcito bielorruso.<\/p>\n<p style=\"text-align: justify;\">Sobre el conflicto ucraniano y las relaciones con Occidente, el madatario dijo que la amenaza de un nuevo conflicto global nunca ha estado tan real como hoy.<\/p>\n<p style=\"text-align: justify;\">Occidente califica de &#8220;simulacro diplom\u00e1tico&#8221; los intentos de resolver pac\u00edficamente el conflicto en Ucrania, pero el precio de estas &#8220;simulaciones&#8221; son &#8220;cientos de miles de vidas humanas&#8221;, indic\u00f3 citado por la agfencia TASS.<\/p>\n<p style=\"text-align: justify;\">Por otro lado, denunci\u00f3 que Minsk est\u00e1 viendo una nueva oleada de expansi\u00f3n de la OTAN y casi a diario registra diversos tipos de provocaciones en la frontera bielorrusa, procedentes de los pa\u00edses vecinos.<\/p>\n<p style=\"text-align: justify;\">Bielorrusia sabr\u00e1 defenderse ante la amenaza de Occidente, manifest\u00f3.<\/p>\n<p style=\"text-align: justify;\">fm\/ed<\/p>\n","protected":false},"excerpt":{"rendered":"<p>Occidente califica de &#8220;simulacro diplom\u00e1tico&#8221; los intentos de resolver pac\u00edficamente el conflicto en Ucrania, pero el precio de estas &#8220;simulaciones&#8221; son &#8220;cientos de miles de vidas humanas&#8221; Minsk, 27 jun (SANA) El presidente bielorruso, Aleks\u00e1nder Lukashenko, dijo que durante la insurgencia en el territorio ruso, el jefe de Estado bielorruso dio las \u00f3rdenes para que &hellip;<\/p>\n","protected":false},"author":32,"featured_media":302048,"comment_status":"closed","ping_status":"closed","sticky":false,"template":"","format":"standard","meta":{"footnotes":""},"categories":[597,456,16687,20724,7541],"tags":[],"class_list":["post-302043","post","type-post","status-publish","format-standard","has-post-thumbnail","","category-cinta-de-noticias","category-arabe-internacional-politica","category-internacionales","category-minuto-a-minuto","category-ultimas-noticias"],"_links":{"self":[{"href":"https:\/\/archive.sana.sy\/es\/index.php?rest_route=\/wp\/v2\/posts\/302043"}],"collection":[{"href":"https:\/\/archive.sana.sy\/es\/index.php?rest_route=\/wp\/v2\/posts"}],"about":[{"href":"https:\/\/archive.sana.sy\/es\/index.php?rest_route=\/wp\/v2\/types\/post"}],"author":[{"embeddable":true,"href":"https:\/\/archive.sana.sy\/es\/index.php?rest_route=\/wp\/v2\/users\/32"}],"replies":[{"embeddable":true,"href":"https:\/\/archive.sana.sy\/es\/index.php?rest_route=%2Fwp%2Fv2%2Fcomments&post=302043"}],"version-history":[{"count":1,"href":"https:\/\/archive.sana.sy\/es\/index.php?rest_route=\/wp\/v2\/posts\/302043\/revisions"}],"predecessor-version":[{"id":302045,"href":"https:\/\/archive.sana.sy\/es\/index.php?rest_route=\/wp\/v2\/posts\/302043\/revisions\/302045"}],"wp:featuredmedia":[{"embeddable":true,"href":"https:\/\/archive.sana.sy\/es\/index.php?rest_route=\/wp\/v2\/media\/302048"}],"wp:attachment":[{"href":"https:\/\/archive.sana.sy\/es\/index.php?rest_route=%2Fwp%2Fv2%2Fmedia&parent=302043"}],"wp:term":[{"taxonomy":"category","embeddable":true,"href":"https:\/\/archive.sana.sy\/es\/index.php?rest_route=%2Fwp%2Fv2%2Fcategories&post=302043"},{"taxonomy":"post_tag","embeddable":true,"href":"https:\/\/archive.sana.sy\/es\/index.php?rest_route=%2Fwp%2Fv2%2Ftags&post=302043"}],"curies":[{"name":"wp","href":"https:\/\/api.w.org\/{rel}","templated":true}]}}