{"id":30206,"date":"2015-09-18T18:47:48","date_gmt":"2015-09-18T15:47:48","guid":{"rendered":"http:\/\/sana.sy\/es\/?p=30206"},"modified":"2015-09-18T18:47:48","modified_gmt":"2015-09-18T15:47:48","slug":"zaspkin-la-iniciativa-rusa-para-siria-consta-de-tres-fases","status":"publish","type":"post","link":"https:\/\/archive.sana.sy\/es\/?p=30206","title":{"rendered":"Zaspkin: la iniciativa rusa para Siria consta de tres fases"},"content":{"rendered":"<p style=\"text-align: justify\"><span style=\"color: #800000\">Beirut, SANA<\/span>&#8211; El embajador de Rusia en el L\u00edbano Alexander Zaspkin, dijo que el presidente Vladimir Putin anunciar\u00e1 su iniciativa para resolver la crisis en Siria y la lucha contra el terrorismo, que consta de tres fases, durante la apertura de la Asamblea General de las Naciones Unidas en \/ 28 \/ de septiembre, se\u00f1alando que la iniciativa es el resultado de las consultas realizadas por Mosc\u00fa con pa\u00edses influyentes en la crisis siria<\/p>\n<p style=\"text-align: justify\">El funcionario ruso explic\u00f3 hoy en una entrevista televisada que la primera fase de la iniciativa prev\u00e9 la necesidad de unir a todas las partes para combatir la organizaci\u00f3n terrorista \/ Daash \/ en Siria, una fase preparatoria para el acuerdo pol\u00edtico, mientras que la segunda exige a las potencias influyentes regionales e internacionales ejercer presi\u00f3n sobre los grupos armados con el fin de aceptar la soluci\u00f3n pol\u00edtica<\/p>\n<p style=\"text-align: justify\">\u201cla unificaci\u00f3n de todos los esfuerzos regionales e internacionales para suspender la financiaci\u00f3n de los grupos armados y prevenir la entrada de los armados a territorio sirio a trav\u00e9s de las fronteras de los pa\u00edses vecinos de Siria\u201d, la tercera fase de la iniciativa seg\u00fan el titular ruso.<\/p>\n<p style=\"text-align: justify\">Zaspkin Se\u00f1al\u00f3 que Mosc\u00fa tambi\u00e9n presentar\u00e1 durante la reuni\u00f3n del Consejo de Seguridad el 30 de este mes, la iniciativa del presidente Putin relativa a formar un frente contra el terrorismo que incluye todos las partes regionales, incluidos en sus filas los pa\u00edses del Golfo.<\/p>\n<p>M.Miri<\/p>\n","protected":false},"excerpt":{"rendered":"<p>Beirut, SANA&#8211; El embajador de Rusia en el L\u00edbano Alexander Zaspkin, dijo que el presidente Vladimir Putin anunciar\u00e1 su iniciativa para resolver la crisis en Siria y la lucha contra el terrorismo, que consta de tres fases, durante la apertura de la Asamblea General de las Naciones Unidas en \/ 28 \/ de septiembre, se\u00f1alando &hellip;<\/p>\n","protected":false},"author":1,"featured_media":30207,"comment_status":"closed","ping_status":"closed","sticky":false,"template":"","format":"standard","meta":{"footnotes":""},"categories":[456,457,576],"tags":[6694],"class_list":["post-30206","post","type-post","status-publish","format-standard","has-post-thumbnail","","category-arabe-internacional-politica","category-noticias-arabe-internacional-politica","category-noticias-politicas","tag-zaspkin-la-iniciativa-rusa-para-siria-consta-de-tres-fases"],"_links":{"self":[{"href":"https:\/\/archive.sana.sy\/es\/index.php?rest_route=\/wp\/v2\/posts\/30206"}],"collection":[{"href":"https:\/\/archive.sana.sy\/es\/index.php?rest_route=\/wp\/v2\/posts"}],"about":[{"href":"https:\/\/archive.sana.sy\/es\/index.php?rest_route=\/wp\/v2\/types\/post"}],"author":[{"embeddable":true,"href":"https:\/\/archive.sana.sy\/es\/index.php?rest_route=\/wp\/v2\/users\/1"}],"replies":[{"embeddable":true,"href":"https:\/\/archive.sana.sy\/es\/index.php?rest_route=%2Fwp%2Fv2%2Fcomments&post=30206"}],"version-history":[{"count":0,"href":"https:\/\/archive.sana.sy\/es\/index.php?rest_route=\/wp\/v2\/posts\/30206\/revisions"}],"wp:featuredmedia":[{"embeddable":true,"href":"https:\/\/archive.sana.sy\/es\/index.php?rest_route=\/wp\/v2\/media\/30207"}],"wp:attachment":[{"href":"https:\/\/archive.sana.sy\/es\/index.php?rest_route=%2Fwp%2Fv2%2Fmedia&parent=30206"}],"wp:term":[{"taxonomy":"category","embeddable":true,"href":"https:\/\/archive.sana.sy\/es\/index.php?rest_route=%2Fwp%2Fv2%2Fcategories&post=30206"},{"taxonomy":"post_tag","embeddable":true,"href":"https:\/\/archive.sana.sy\/es\/index.php?rest_route=%2Fwp%2Fv2%2Ftags&post=30206"}],"curies":[{"name":"wp","href":"https:\/\/api.w.org\/{rel}","templated":true}]}}