{"id":30209,"date":"2015-09-18T19:27:45","date_gmt":"2015-09-18T16:27:45","guid":{"rendered":"http:\/\/sana.sy\/es\/?p=30209"},"modified":"2015-09-18T19:27:45","modified_gmt":"2015-09-18T16:27:45","slug":"rusia-dispuesta-a-dialogar-con-ee-uu-sobre-siria","status":"publish","type":"post","link":"https:\/\/archive.sana.sy\/es\/?p=30209","title":{"rendered":"Rusia, dispuesta a dialogar con EE.UU sobre Siria"},"content":{"rendered":"<p style=\"text-align: justify\"><span style=\"color: #800000\">Mosc\u00fa, SANA<\/span>&#8211; Rusia est\u00e1 dispuesta a dialogar con EE.UU, incluyendo el tema del conflicto en Siria, declar\u00f3 a RIA Novosti la portavoz del Ministerio de Exteriores ruso, Mar\u00eda Zaj\u00e1rova.<\/p>\n<p style=\"text-align: justify\">&#8220;Nunca nos hemos negado a dialogar con EE.UU, seguimos abiertos al di\u00e1logo respecto a todos los temas de inter\u00e9s com\u00fan, incluyendo Siria, tambi\u00e9n ahora&#8221;, se\u00f1al\u00f3 Zaj\u00e1rova.<\/p>\n<p style=\"text-align: justify\">Anteriormente el secretario de Estado de EE.UU, John Kerry, inform\u00f3 que Washington considera importantes las conversaciones con Rusia respecto a Siria y espera que estas tengan lugar pr\u00f3ximamente.<\/p>\n<p style=\"text-align: justify\">En el mismo contexto, Los titulares de Defensa de Rusia, Sergu\u00e9i Shoigu, y EE.UU, Ashton Carter, mantuvieron hoy consultas por tel\u00e9fono sobre la situaci\u00f3n en Siria y Oriente Medio, y la necesidad de coordinarse en la lucha contra el terrorismo internacional. &#8220;Especial atenci\u00f3n recibi\u00f3 la necesidad de coordinar los esfuerzos bilaterales y multilaterales en la lucha contra el terrorismo internacional&#8221;, dijo \u00cdgor Konashenkov, portavoz ruso de Defensa, a medios locales.<\/p>\n<p style=\"text-align: justify\">Por su parte, el portavoz del Pent\u00e1gono, Peter Cook, dijo en un comunicado que durante la conversaci\u00f3n telef\u00f3nica &#8220;el secretario (de Defensa) enfatiz\u00f3 la importancia de mantener consultas en paralelo con las conversaciones diplom\u00e1ticas&#8221;.<\/p>\n<p>M.Miri<\/p>\n","protected":false},"excerpt":{"rendered":"<p>Mosc\u00fa, SANA&#8211; Rusia est\u00e1 dispuesta a dialogar con EE.UU, incluyendo el tema del conflicto en Siria, declar\u00f3 a RIA Novosti la portavoz del Ministerio de Exteriores ruso, Mar\u00eda Zaj\u00e1rova. &#8220;Nunca nos hemos negado a dialogar con EE.UU, seguimos abiertos al di\u00e1logo respecto a todos los temas de inter\u00e9s com\u00fan, incluyendo Siria, tambi\u00e9n ahora&#8221;, se\u00f1al\u00f3 Zaj\u00e1rova. &hellip;<\/p>\n","protected":false},"author":1,"featured_media":28505,"comment_status":"closed","ping_status":"closed","sticky":false,"template":"","format":"standard","meta":{"footnotes":""},"categories":[456,457,576],"tags":[6696,6695],"class_list":["post-30209","post","type-post","status-publish","format-standard","has-post-thumbnail","","category-arabe-internacional-politica","category-noticias-arabe-internacional-politica","category-noticias-politicas","tag-dispuesta-a-dialogar-con-ee-uu-sobre-siria","tag-rusia"],"_links":{"self":[{"href":"https:\/\/archive.sana.sy\/es\/index.php?rest_route=\/wp\/v2\/posts\/30209"}],"collection":[{"href":"https:\/\/archive.sana.sy\/es\/index.php?rest_route=\/wp\/v2\/posts"}],"about":[{"href":"https:\/\/archive.sana.sy\/es\/index.php?rest_route=\/wp\/v2\/types\/post"}],"author":[{"embeddable":true,"href":"https:\/\/archive.sana.sy\/es\/index.php?rest_route=\/wp\/v2\/users\/1"}],"replies":[{"embeddable":true,"href":"https:\/\/archive.sana.sy\/es\/index.php?rest_route=%2Fwp%2Fv2%2Fcomments&post=30209"}],"version-history":[{"count":0,"href":"https:\/\/archive.sana.sy\/es\/index.php?rest_route=\/wp\/v2\/posts\/30209\/revisions"}],"wp:featuredmedia":[{"embeddable":true,"href":"https:\/\/archive.sana.sy\/es\/index.php?rest_route=\/wp\/v2\/media\/28505"}],"wp:attachment":[{"href":"https:\/\/archive.sana.sy\/es\/index.php?rest_route=%2Fwp%2Fv2%2Fmedia&parent=30209"}],"wp:term":[{"taxonomy":"category","embeddable":true,"href":"https:\/\/archive.sana.sy\/es\/index.php?rest_route=%2Fwp%2Fv2%2Fcategories&post=30209"},{"taxonomy":"post_tag","embeddable":true,"href":"https:\/\/archive.sana.sy\/es\/index.php?rest_route=%2Fwp%2Fv2%2Ftags&post=30209"}],"curies":[{"name":"wp","href":"https:\/\/api.w.org\/{rel}","templated":true}]}}