{"id":30224,"date":"2015-09-19T13:59:34","date_gmt":"2015-09-19T10:59:34","guid":{"rendered":"http:\/\/sana.sy\/es\/?p=30224"},"modified":"2015-09-19T13:59:34","modified_gmt":"2015-09-19T10:59:34","slug":"fuerza-aerea-iraqui-ataca-a-posiciones-del-ei-en-faluya","status":"publish","type":"post","link":"https:\/\/archive.sana.sy\/es\/?p=30224","title":{"rendered":"Fuerza a\u00e9rea iraqu\u00ed ataca a posiciones del EI en Faluya"},"content":{"rendered":"<p><span style=\"color: #800000\">Bagdad, SANA<\/span><\/p>\n<p>Aviones de combate iraqu\u00edes bombardearon el centro de comunicaciones del grupo terrorista del Estado Isl\u00e1mico (EI), en la ciudad de Faluya, en la provincia de Al-Anbar, en oeste de Irak.<\/p>\n<p>Seg\u00fan medios iraqu\u00edes, la ofensiva lanzada por la Fuerza A\u00e9rea iraqu\u00ed caus\u00f3 varios muertos en las filas del EI, en su mayor\u00eda eran extranjeros.<\/p>\n<p>En otra operaci\u00f3n similar, cuatro coches blindados del EI quedaron completamente destruidos en la localidad de Al-Hamira, en el sureste de Al-Anbar, cuando fueron alcanzados por misiles de los cazas iraqu\u00edes.<\/p>\n<p>Por otro lado, el ministro de Defensa de Irak, Jaled al-Obeidi, rechaz\u00f3 la participaci\u00f3n de EE.UU. en la recuperaci\u00f3n de la provincia de Al-Anbar.<\/p>\n<p>Al-Obeidi subray\u00f3 que \u201clos militares estadounidenses no tienen ning\u00fan papel en la gesti\u00f3n de la liberaci\u00f3n de Al-Anbar\u201d.<\/p>\n<p>Fady M., Lynn A.<\/p>\n","protected":false},"excerpt":{"rendered":"<p>Bagdad, SANA Aviones de combate iraqu\u00edes bombardearon el centro de comunicaciones del grupo terrorista del Estado Isl\u00e1mico (EI), en la ciudad de Faluya, en la provincia de Al-Anbar, en oeste de Irak. Seg\u00fan medios iraqu\u00edes, la ofensiva lanzada por la Fuerza A\u00e9rea iraqu\u00ed caus\u00f3 varios muertos en las filas del EI, en su mayor\u00eda eran &hellip;<\/p>\n","protected":false},"author":24,"featured_media":30225,"comment_status":"closed","ping_status":"closed","sticky":false,"template":"","format":"standard","meta":{"footnotes":""},"categories":[456,457],"tags":[6701],"class_list":["post-30224","post","type-post","status-publish","format-standard","has-post-thumbnail","","category-arabe-internacional-politica","category-noticias-arabe-internacional-politica","tag-fuerza-aerea-iraqui-ataca-a-posiciones-del-ei-en-faluya"],"_links":{"self":[{"href":"https:\/\/archive.sana.sy\/es\/index.php?rest_route=\/wp\/v2\/posts\/30224"}],"collection":[{"href":"https:\/\/archive.sana.sy\/es\/index.php?rest_route=\/wp\/v2\/posts"}],"about":[{"href":"https:\/\/archive.sana.sy\/es\/index.php?rest_route=\/wp\/v2\/types\/post"}],"author":[{"embeddable":true,"href":"https:\/\/archive.sana.sy\/es\/index.php?rest_route=\/wp\/v2\/users\/24"}],"replies":[{"embeddable":true,"href":"https:\/\/archive.sana.sy\/es\/index.php?rest_route=%2Fwp%2Fv2%2Fcomments&post=30224"}],"version-history":[{"count":0,"href":"https:\/\/archive.sana.sy\/es\/index.php?rest_route=\/wp\/v2\/posts\/30224\/revisions"}],"wp:featuredmedia":[{"embeddable":true,"href":"https:\/\/archive.sana.sy\/es\/index.php?rest_route=\/wp\/v2\/media\/30225"}],"wp:attachment":[{"href":"https:\/\/archive.sana.sy\/es\/index.php?rest_route=%2Fwp%2Fv2%2Fmedia&parent=30224"}],"wp:term":[{"taxonomy":"category","embeddable":true,"href":"https:\/\/archive.sana.sy\/es\/index.php?rest_route=%2Fwp%2Fv2%2Fcategories&post=30224"},{"taxonomy":"post_tag","embeddable":true,"href":"https:\/\/archive.sana.sy\/es\/index.php?rest_route=%2Fwp%2Fv2%2Ftags&post=30224"}],"curies":[{"name":"wp","href":"https:\/\/api.w.org\/{rel}","templated":true}]}}