{"id":302249,"date":"2023-06-29T09:36:24","date_gmt":"2023-06-29T06:36:24","guid":{"rendered":"https:\/\/sana.sy\/es\/?p=302249"},"modified":"2023-06-29T13:10:43","modified_gmt":"2023-06-29T10:10:43","slug":"tropas-israelies-arrestan-a-un-nino-en-norte-de-jerusalen-ocupada","status":"publish","type":"post","link":"https:\/\/archive.sana.sy\/es\/?p=302249","title":{"rendered":"Tropas israel\u00edes arrestan a un ni\u00f1o en norte de Jerusal\u00e9n ocupada"},"content":{"rendered":"<p style=\"text-align: justify;\"><span style=\"color: #800000;\"><strong>Jerusal\u00e9n ocupada, 29 jun (SANA)\u00a0 <\/strong><\/span>Las fuerzas de ocupaci\u00f3n israel\u00edes arrestaron a un ni\u00f1o palestino al noreste de la ciudad de Jerusal\u00e9n ocupada.<\/p>\n<p style=\"text-align: justify;\">La agencia palestina de noticias Wafa inform\u00f3 que las tropas israel\u00edes arrestaron al ni\u00f1o mientras pasaba por uno de sus puestos de control en el campo de refugiados de Shufat, al este de Jerusal\u00e9n ocupada.<\/p>\n<p style=\"text-align: justify;\">Anteriormente, el ocupante israel\u00ed arrest\u00f3 a un palestino del pueblo de Arana, al noreste de la ciudad de Jenin, en Cisjordania.<\/p>\n<p style=\"text-align: justify;\">rr<\/p>\n","protected":false},"excerpt":{"rendered":"<p>Jerusal\u00e9n ocupada, 29 jun (SANA)\u00a0 Las fuerzas de ocupaci\u00f3n israel\u00edes arrestaron a un ni\u00f1o palestino al noreste de la ciudad de Jerusal\u00e9n ocupada. La agencia palestina de noticias Wafa inform\u00f3 que las tropas israel\u00edes arrestaron al ni\u00f1o mientras pasaba por uno de sus puestos de control en el campo de refugiados de Shufat, al este &hellip;<\/p>\n","protected":false},"author":31,"featured_media":302250,"comment_status":"closed","ping_status":"closed","sticky":false,"template":"","format":"standard","meta":{"footnotes":""},"categories":[597,456,16687,20724,7541],"tags":[11155,19613,1494],"class_list":["post-302249","post","type-post","status-publish","format-standard","has-post-thumbnail","","category-cinta-de-noticias","category-arabe-internacional-politica","category-internacionales","category-minuto-a-minuto","category-ultimas-noticias","tag-jerusalen","tag-ocupacion-israeli","tag-palestina"],"_links":{"self":[{"href":"https:\/\/archive.sana.sy\/es\/index.php?rest_route=\/wp\/v2\/posts\/302249"}],"collection":[{"href":"https:\/\/archive.sana.sy\/es\/index.php?rest_route=\/wp\/v2\/posts"}],"about":[{"href":"https:\/\/archive.sana.sy\/es\/index.php?rest_route=\/wp\/v2\/types\/post"}],"author":[{"embeddable":true,"href":"https:\/\/archive.sana.sy\/es\/index.php?rest_route=\/wp\/v2\/users\/31"}],"replies":[{"embeddable":true,"href":"https:\/\/archive.sana.sy\/es\/index.php?rest_route=%2Fwp%2Fv2%2Fcomments&post=302249"}],"version-history":[{"count":2,"href":"https:\/\/archive.sana.sy\/es\/index.php?rest_route=\/wp\/v2\/posts\/302249\/revisions"}],"predecessor-version":[{"id":302252,"href":"https:\/\/archive.sana.sy\/es\/index.php?rest_route=\/wp\/v2\/posts\/302249\/revisions\/302252"}],"wp:featuredmedia":[{"embeddable":true,"href":"https:\/\/archive.sana.sy\/es\/index.php?rest_route=\/wp\/v2\/media\/302250"}],"wp:attachment":[{"href":"https:\/\/archive.sana.sy\/es\/index.php?rest_route=%2Fwp%2Fv2%2Fmedia&parent=302249"}],"wp:term":[{"taxonomy":"category","embeddable":true,"href":"https:\/\/archive.sana.sy\/es\/index.php?rest_route=%2Fwp%2Fv2%2Fcategories&post=302249"},{"taxonomy":"post_tag","embeddable":true,"href":"https:\/\/archive.sana.sy\/es\/index.php?rest_route=%2Fwp%2Fv2%2Ftags&post=302249"}],"curies":[{"name":"wp","href":"https:\/\/api.w.org\/{rel}","templated":true}]}}