{"id":30237,"date":"2015-09-19T16:11:50","date_gmt":"2015-09-19T13:11:50","guid":{"rendered":"http:\/\/sana.sy\/es\/?p=30237"},"modified":"2015-09-19T16:11:50","modified_gmt":"2015-09-19T13:11:50","slug":"al-hilal-destaca-necesidad-de-aumentar-intercambio-comercial-entre-siria-e-irak","status":"publish","type":"post","link":"https:\/\/archive.sana.sy\/es\/?p=30237","title":{"rendered":"Al-Hilal destaca necesidad de aumentar intercambio comercial entre Siria e Irak"},"content":{"rendered":"<p><span style=\"color: #800000\">Damasco, SANA<\/span><\/p>\n<p>El subsecretario general del Partido \u00c1rabe Socialista de al-Baath, Hilal al-Hilal examin\u00f3 este s\u00e1bado con el presidente de la Uni\u00f3n General de las Asociaciones de Agricultores iraqu\u00edes, Hassan Nasif al-Tamimi y la delegaci\u00f3n acompa\u00f1ante, los mecanismos de aumentar el intercambio comercial y promover la complementariedad econ\u00f3mica entre ambos pa\u00edses, as\u00ed como facilitar el flujo bidireccional de las mercanc\u00edas.<\/p>\n<p>Durante la reuni\u00f3n, al-Hilal consider\u00f3 que el memor\u00e1ndum de entendimiento firmado entre la Federaci\u00f3n de los Exportadores sirios y las Asociaciones de Agricultores iraqu\u00edes es un paso trascendente hacia la facilitaci\u00f3n del movimiento de las mercanc\u00edas entre ambos pa\u00edses, agregando que este memor\u00e1ndum debe impulsar la firma de m\u00e1s acuerdos, especialmente a la luz de las dificultades que enfrenta la econom\u00eda de Siria e Irak a causa de la guerra que viven ambos pa\u00edses.<\/p>\n<p>Asimismo reiter\u00f3 el apoyo del liderazgo sirio a cualquier cooperaci\u00f3n econ\u00f3mica que aporta beneficios a Siria.<\/p>\n<p>El alto pol\u00edtico sirio se\u00f1al\u00f3 que Siria ha alcanzado a lo largo de las \u00faltimas d\u00e9cadas lograr la autosuficiencia debido al desarrollo de su sector agrario, denunciando que este sector ha sido uno de los primeros sectores que ha sido sometido a un bloqueo econ\u00f3mico y sufrido actos de sabotaje y saqueo por las organizaciones terroristas con el fin de matar de hambre al pueblo sirio.<\/p>\n<p>Asimismo asever\u00f3 que los dos pueblos sirio e iraqu\u00ed est\u00e1n luchando contra el mismo plan imperialista y la misma guerra terrorista encaminados a dividir a sus pa\u00edses, subrayando que la resistencia de Siria, pueblo, ej\u00e9rcito y liderazgo, dio fuerza a sus aliados.<\/p>\n<p>Al-Hilal hizo referencia tambi\u00e9n a la continua mejora de la situaci\u00f3n de seguridad en el pa\u00eds.<\/p>\n<p>A su vez, el presidente de la delegaci\u00f3n iraqu\u00ed valor\u00f3 altamente el papel nacional y pan\u00e1rabe del liderazgo sirio, representado por el presidente Bashar al-Assad, y los sacrificios del ej\u00e9rcito \u00e1rabe sirio que est\u00e1 luchando contra el terrorismo en el lugar de todo el mundo.<\/p>\n<p>Asimismo expres\u00f3 la voluntad de la Uni\u00f3n de reforzar la cooperaci\u00f3n comercial y econ\u00f3mica con Siria en la pr\u00f3xima etapa, lo que se reflejar\u00e1 positivamente sobre los agricultores sirios.<\/p>\n<p>&nbsp;<\/p>\n<p>Lynn A.<\/p>\n","protected":false},"excerpt":{"rendered":"<p>Damasco, SANA El subsecretario general del Partido \u00c1rabe Socialista de al-Baath, Hilal al-Hilal examin\u00f3 este s\u00e1bado con el presidente de la Uni\u00f3n General de las Asociaciones de Agricultores iraqu\u00edes, Hassan Nasif al-Tamimi y la delegaci\u00f3n acompa\u00f1ante, los mecanismos de aumentar el intercambio comercial y promover la complementariedad econ\u00f3mica entre ambos pa\u00edses, as\u00ed como facilitar el &hellip;<\/p>\n","protected":false},"author":24,"featured_media":30238,"comment_status":"closed","ping_status":"closed","sticky":false,"template":"","format":"standard","meta":{"footnotes":""},"categories":[477,476],"tags":[6704],"class_list":["post-30237","post","type-post","status-publish","format-standard","has-post-thumbnail","","category-noticias-edulcorantes","category-locales","tag-al-hilal-destaca-necesidad-de-aumentar-intercambio-comercial-entre-siria-e-irak"],"_links":{"self":[{"href":"https:\/\/archive.sana.sy\/es\/index.php?rest_route=\/wp\/v2\/posts\/30237"}],"collection":[{"href":"https:\/\/archive.sana.sy\/es\/index.php?rest_route=\/wp\/v2\/posts"}],"about":[{"href":"https:\/\/archive.sana.sy\/es\/index.php?rest_route=\/wp\/v2\/types\/post"}],"author":[{"embeddable":true,"href":"https:\/\/archive.sana.sy\/es\/index.php?rest_route=\/wp\/v2\/users\/24"}],"replies":[{"embeddable":true,"href":"https:\/\/archive.sana.sy\/es\/index.php?rest_route=%2Fwp%2Fv2%2Fcomments&post=30237"}],"version-history":[{"count":0,"href":"https:\/\/archive.sana.sy\/es\/index.php?rest_route=\/wp\/v2\/posts\/30237\/revisions"}],"wp:featuredmedia":[{"embeddable":true,"href":"https:\/\/archive.sana.sy\/es\/index.php?rest_route=\/wp\/v2\/media\/30238"}],"wp:attachment":[{"href":"https:\/\/archive.sana.sy\/es\/index.php?rest_route=%2Fwp%2Fv2%2Fmedia&parent=30237"}],"wp:term":[{"taxonomy":"category","embeddable":true,"href":"https:\/\/archive.sana.sy\/es\/index.php?rest_route=%2Fwp%2Fv2%2Fcategories&post=30237"},{"taxonomy":"post_tag","embeddable":true,"href":"https:\/\/archive.sana.sy\/es\/index.php?rest_route=%2Fwp%2Fv2%2Ftags&post=30237"}],"curies":[{"name":"wp","href":"https:\/\/api.w.org\/{rel}","templated":true}]}}