{"id":302684,"date":"2023-07-04T06:30:37","date_gmt":"2023-07-04T03:30:37","guid":{"rendered":"https:\/\/sana.sy\/es\/?p=302684"},"modified":"2023-07-04T06:30:37","modified_gmt":"2023-07-04T03:30:37","slug":"numero-de-muertos-palestinos-por-la-agresion-israeli-en-jenin-se-eleva-a-nueve","status":"publish","type":"post","link":"https:\/\/archive.sana.sy\/es\/?p=302684","title":{"rendered":"N\u00famero de muertos palestinos por la agresi\u00f3n israel\u00ed en Jenin se eleva a nueve"},"content":{"rendered":"<blockquote><p><span style=\"color: #993300;\">El Ministerio de Salud palestino inform\u00f3 en su \u00faltimo reporte que Mustafa Qassem, de 17 a\u00f1os, falleci\u00f3 a causa de sus heridas como resultado, y agreg\u00f3 que m\u00e1s de 100 palestinos resultaron heridos, incluidos 20 casos graves.<\/span><\/p><\/blockquote>\n<p style=\"text-align: justify;\"><span style=\"color: #800000;\"><strong>Jerusal\u00e9n ocupada, 4 jul (SANA)\u00a0<\/strong> <\/span>El n\u00famero de muertos palestinos por la continua agresi\u00f3n israel\u00ed contra la ciudad de Jen\u00edn y su campamento en Cisjordania se elev\u00f3 a nueve.<\/p>\n<p style=\"text-align: justify;\">El Ministerio de Salud palestino inform\u00f3 en su \u00faltimo reporte que Mustafa Qassem, de 17 a\u00f1os, falleci\u00f3 a causa de sus heridas como resultado, y agreg\u00f3 que m\u00e1s de 100 palestinos resultaron heridos, incluidos 20 casos graves.<\/p>\n<p style=\"text-align: justify;\">Indic\u00f3 que tres de las v\u00edctimas mortales son menores de edad.<\/p>\n<p style=\"text-align: justify;\">Las fuerzas de seguridad israel\u00edes lanzaron una agresi\u00f3n considerada la mayor en Cisjordania desde 2002.<\/p>\n<p style=\"text-align: justify;\">La agencia oficial de noticias palestina Wafa denunci\u00f3 que tras el bombardeo inicial de drones, un amplio contingente de soldados y unos 150 veh\u00edculos militares, incluidas excavadoras, penetraron en Jenin y su campamento desde varios ejes.<\/p>\n<p style=\"text-align: justify;\">fm<\/p>\n","protected":false},"excerpt":{"rendered":"<p>El Ministerio de Salud palestino inform\u00f3 en su \u00faltimo reporte que Mustafa Qassem, de 17 a\u00f1os, falleci\u00f3 a causa de sus heridas como resultado, y agreg\u00f3 que m\u00e1s de 100 palestinos resultaron heridos, incluidos 20 casos graves. Jerusal\u00e9n ocupada, 4 jul (SANA)\u00a0 El n\u00famero de muertos palestinos por la continua agresi\u00f3n israel\u00ed contra la ciudad &hellip;<\/p>\n","protected":false},"author":34,"featured_media":302685,"comment_status":"closed","ping_status":"closed","sticky":false,"template":"","format":"standard","meta":{"footnotes":""},"categories":[597,456,20724,7541],"tags":[],"class_list":["post-302684","post","type-post","status-publish","format-standard","has-post-thumbnail","","category-cinta-de-noticias","category-arabe-internacional-politica","category-minuto-a-minuto","category-ultimas-noticias"],"_links":{"self":[{"href":"https:\/\/archive.sana.sy\/es\/index.php?rest_route=\/wp\/v2\/posts\/302684"}],"collection":[{"href":"https:\/\/archive.sana.sy\/es\/index.php?rest_route=\/wp\/v2\/posts"}],"about":[{"href":"https:\/\/archive.sana.sy\/es\/index.php?rest_route=\/wp\/v2\/types\/post"}],"author":[{"embeddable":true,"href":"https:\/\/archive.sana.sy\/es\/index.php?rest_route=\/wp\/v2\/users\/34"}],"replies":[{"embeddable":true,"href":"https:\/\/archive.sana.sy\/es\/index.php?rest_route=%2Fwp%2Fv2%2Fcomments&post=302684"}],"version-history":[{"count":1,"href":"https:\/\/archive.sana.sy\/es\/index.php?rest_route=\/wp\/v2\/posts\/302684\/revisions"}],"predecessor-version":[{"id":302686,"href":"https:\/\/archive.sana.sy\/es\/index.php?rest_route=\/wp\/v2\/posts\/302684\/revisions\/302686"}],"wp:featuredmedia":[{"embeddable":true,"href":"https:\/\/archive.sana.sy\/es\/index.php?rest_route=\/wp\/v2\/media\/302685"}],"wp:attachment":[{"href":"https:\/\/archive.sana.sy\/es\/index.php?rest_route=%2Fwp%2Fv2%2Fmedia&parent=302684"}],"wp:term":[{"taxonomy":"category","embeddable":true,"href":"https:\/\/archive.sana.sy\/es\/index.php?rest_route=%2Fwp%2Fv2%2Fcategories&post=302684"},{"taxonomy":"post_tag","embeddable":true,"href":"https:\/\/archive.sana.sy\/es\/index.php?rest_route=%2Fwp%2Fv2%2Ftags&post=302684"}],"curies":[{"name":"wp","href":"https:\/\/api.w.org\/{rel}","templated":true}]}}