{"id":302717,"date":"2023-07-04T11:59:01","date_gmt":"2023-07-04T08:59:01","guid":{"rendered":"https:\/\/sana.sy\/es\/?p=302717"},"modified":"2023-07-04T11:59:34","modified_gmt":"2023-07-04T08:59:34","slug":"cazabombarderos-rusos-su-34-destruyen-tres-puestos-de-mando-de-las-fuerzas-ucranianas-en-krasni-liman","status":"publish","type":"post","link":"https:\/\/archive.sana.sy\/es\/?p=302717","title":{"rendered":"Cazabombarderos rusos Su-34 destruyen tres puestos de mando de las fuerzas ucranianas en Krasni Lim\u00e1n"},"content":{"rendered":"<p style=\"text-align: justify;\"><span style=\"color: #800000;\"><strong>Mosc\u00fa, 04 jul (SANA)\u00a0 \u00a0<\/strong><\/span>El jefe del centro de prensa del grupo en fuerzas rusas (Centro), Alexander Savchuk, anunci\u00f3 que los cazas rusos Su-34 destruyeron tres puestos de avanzada del r\u00e9gimen de Kiev en la l\u00ednea de operaciones de Krasni Lim\u00e1n, en la Rep\u00fablica Popular de Donetsk.<\/p>\n<p style=\"text-align: justify;\">\u201cLa aviaci\u00f3n rusa llev\u00f3 a cabo ataques con misiles contra las \u00e1reas de las fuerzas ucranianas, y el sistema pesado Solntsipyuk destruy\u00f3 durante las \u00faltimas 24 horas un cuartel general de estas fuerzas\u201d, dijo Savchuk una entrevista con RIA Novosti.<\/p>\n<p style=\"text-align: justify;\">Por su parte, el jefe del centro de prensa del grupo Este en las fuerzas rusas, Oleg Chekhov, afirm\u00f3 que una unidad del grupo frustr\u00f3 las acciones de un grupo de reconocimiento ucraniano en el \u00e1rea de la aldea de Marvopol.<\/p>\n<p style=\"text-align: justify;\">El batall\u00f3n de artiller\u00eda repeli\u00f3 un ataque ucraniano y destruy\u00f3 15 veh\u00edculos y equipos de combate blindados, adem\u00e1s de matar a m\u00e1s de 40 militantes ucranianos, indic\u00f3 Ch\u00e9jov.<\/p>\n<p style=\"text-align: justify;\">ed\/fm<\/p>\n","protected":false},"excerpt":{"rendered":"<p>Mosc\u00fa, 04 jul (SANA)\u00a0 \u00a0El jefe del centro de prensa del grupo en fuerzas rusas (Centro), Alexander Savchuk, anunci\u00f3 que los cazas rusos Su-34 destruyeron tres puestos de avanzada del r\u00e9gimen de Kiev en la l\u00ednea de operaciones de Krasni Lim\u00e1n, en la Rep\u00fablica Popular de Donetsk. \u201cLa aviaci\u00f3n rusa llev\u00f3 a cabo ataques con &hellip;<\/p>\n","protected":false},"author":32,"featured_media":302718,"comment_status":"closed","ping_status":"closed","sticky":false,"template":"","format":"standard","meta":{"footnotes":""},"categories":[597,456,16687,20724,7541],"tags":[],"class_list":["post-302717","post","type-post","status-publish","format-standard","has-post-thumbnail","","category-cinta-de-noticias","category-arabe-internacional-politica","category-internacionales","category-minuto-a-minuto","category-ultimas-noticias"],"_links":{"self":[{"href":"https:\/\/archive.sana.sy\/es\/index.php?rest_route=\/wp\/v2\/posts\/302717"}],"collection":[{"href":"https:\/\/archive.sana.sy\/es\/index.php?rest_route=\/wp\/v2\/posts"}],"about":[{"href":"https:\/\/archive.sana.sy\/es\/index.php?rest_route=\/wp\/v2\/types\/post"}],"author":[{"embeddable":true,"href":"https:\/\/archive.sana.sy\/es\/index.php?rest_route=\/wp\/v2\/users\/32"}],"replies":[{"embeddable":true,"href":"https:\/\/archive.sana.sy\/es\/index.php?rest_route=%2Fwp%2Fv2%2Fcomments&post=302717"}],"version-history":[{"count":2,"href":"https:\/\/archive.sana.sy\/es\/index.php?rest_route=\/wp\/v2\/posts\/302717\/revisions"}],"predecessor-version":[{"id":302720,"href":"https:\/\/archive.sana.sy\/es\/index.php?rest_route=\/wp\/v2\/posts\/302717\/revisions\/302720"}],"wp:featuredmedia":[{"embeddable":true,"href":"https:\/\/archive.sana.sy\/es\/index.php?rest_route=\/wp\/v2\/media\/302718"}],"wp:attachment":[{"href":"https:\/\/archive.sana.sy\/es\/index.php?rest_route=%2Fwp%2Fv2%2Fmedia&parent=302717"}],"wp:term":[{"taxonomy":"category","embeddable":true,"href":"https:\/\/archive.sana.sy\/es\/index.php?rest_route=%2Fwp%2Fv2%2Fcategories&post=302717"},{"taxonomy":"post_tag","embeddable":true,"href":"https:\/\/archive.sana.sy\/es\/index.php?rest_route=%2Fwp%2Fv2%2Ftags&post=302717"}],"curies":[{"name":"wp","href":"https:\/\/api.w.org\/{rel}","templated":true}]}}