{"id":302731,"date":"2023-07-04T12:49:50","date_gmt":"2023-07-04T09:49:50","guid":{"rendered":"https:\/\/sana.sy\/es\/?p=302731"},"modified":"2023-07-04T12:49:50","modified_gmt":"2023-07-04T09:49:50","slug":"un-agente-de-la-inteligencia-militar-ucraniana-detenido-por-las-fuerzas-rusas-de-seguridad-2","status":"publish","type":"post","link":"https:\/\/archive.sana.sy\/es\/?p=302731","title":{"rendered":"Un agente de la inteligencia militar ucraniana detenido por las fuerzas rusas de seguridad"},"content":{"rendered":"<p style=\"text-align: justify;\"><span style=\"color: #800000;\"><strong>Mosc\u00fa, 04 jul (SANA) <\/strong><\/span>El Servicio Federal de Seguridad de Rusia anunci\u00f3 el arresto de un agente del r\u00e9gimen ucraniano en la Rep\u00fablica Popular de Lugansk.<\/p>\n<p style=\"text-align: justify;\">&#8220;El Departamento de Investigaci\u00f3n del Servicio Federal de Seguridad de Rusia frustr\u00f3 la actividad ilegal de un residente que ha estado brindando asistencia a ucranianos desde octubre de 2022 &#8221; inform\u00f3 el Servicio citado por Novosti.<\/p>\n<p style=\"text-align: justify;\">El comunicado agreg\u00f3 que este hombre recopil\u00f3 y transmiti\u00f3 informaci\u00f3n sobre los movimientos de las fuerzas rusas a favor de la inteligencia ucraniana.<\/p>\n<p style=\"text-align: justify;\">as\/fm<\/p>\n","protected":false},"excerpt":{"rendered":"<p>Mosc\u00fa, 04 jul (SANA) El Servicio Federal de Seguridad de Rusia anunci\u00f3 el arresto de un agente del r\u00e9gimen ucraniano en la Rep\u00fablica Popular de Lugansk. &#8220;El Departamento de Investigaci\u00f3n del Servicio Federal de Seguridad de Rusia frustr\u00f3 la actividad ilegal de un residente que ha estado brindando asistencia a ucranianos desde octubre de 2022 &hellip;<\/p>\n","protected":false},"author":42,"featured_media":302732,"comment_status":"closed","ping_status":"closed","sticky":false,"template":"","format":"standard","meta":{"footnotes":""},"categories":[597,456,16687,20724,7541],"tags":[],"class_list":["post-302731","post","type-post","status-publish","format-standard","has-post-thumbnail","","category-cinta-de-noticias","category-arabe-internacional-politica","category-internacionales","category-minuto-a-minuto","category-ultimas-noticias"],"_links":{"self":[{"href":"https:\/\/archive.sana.sy\/es\/index.php?rest_route=\/wp\/v2\/posts\/302731"}],"collection":[{"href":"https:\/\/archive.sana.sy\/es\/index.php?rest_route=\/wp\/v2\/posts"}],"about":[{"href":"https:\/\/archive.sana.sy\/es\/index.php?rest_route=\/wp\/v2\/types\/post"}],"author":[{"embeddable":true,"href":"https:\/\/archive.sana.sy\/es\/index.php?rest_route=\/wp\/v2\/users\/42"}],"replies":[{"embeddable":true,"href":"https:\/\/archive.sana.sy\/es\/index.php?rest_route=%2Fwp%2Fv2%2Fcomments&post=302731"}],"version-history":[{"count":1,"href":"https:\/\/archive.sana.sy\/es\/index.php?rest_route=\/wp\/v2\/posts\/302731\/revisions"}],"predecessor-version":[{"id":302733,"href":"https:\/\/archive.sana.sy\/es\/index.php?rest_route=\/wp\/v2\/posts\/302731\/revisions\/302733"}],"wp:featuredmedia":[{"embeddable":true,"href":"https:\/\/archive.sana.sy\/es\/index.php?rest_route=\/wp\/v2\/media\/302732"}],"wp:attachment":[{"href":"https:\/\/archive.sana.sy\/es\/index.php?rest_route=%2Fwp%2Fv2%2Fmedia&parent=302731"}],"wp:term":[{"taxonomy":"category","embeddable":true,"href":"https:\/\/archive.sana.sy\/es\/index.php?rest_route=%2Fwp%2Fv2%2Fcategories&post=302731"},{"taxonomy":"post_tag","embeddable":true,"href":"https:\/\/archive.sana.sy\/es\/index.php?rest_route=%2Fwp%2Fv2%2Ftags&post=302731"}],"curies":[{"name":"wp","href":"https:\/\/api.w.org\/{rel}","templated":true}]}}