{"id":302801,"date":"2023-07-04T20:53:36","date_gmt":"2023-07-04T17:53:36","guid":{"rendered":"https:\/\/sana.sy\/es\/?p=302801"},"modified":"2023-07-04T21:10:02","modified_gmt":"2023-07-04T18:10:02","slug":"comienzan-los-dias-de-la-rosa-de-damasco-en-turin-italia","status":"publish","type":"post","link":"https:\/\/archive.sana.sy\/es\/?p=302801","title":{"rendered":"Comienzan los d\u00edas de la Rosa de Damasco en Tur\u00edn, Italia"},"content":{"rendered":"<p style=\"text-align: justify\"><span style=\"color: #800000\"><strong>Roma, 04 jul (SANA)<\/strong> <\/span>Con el objetivo de afianzar el poder de la diplomacia cultural como herramienta vital en el di\u00e1logo entre los pueblos, la paz y el desarrollo internacionales, han comenzado este martes en Italia los d\u00edas de la \u201cRosa de Damasco&#8230; de Siria a Tur\u00edn\u201d.<\/p>\n<p style=\"text-align: justify\">Este evento est\u00e1 organizado por los Museos Reales de Tur\u00edn y el Fondo Sirio para el Desarrollo en cooperaci\u00f3n con la fundaci\u00f3n &#8220;Santagata&#8221; para la econom\u00eda de la cultura.<\/p>\n<p style=\"text-align: justify\">Esta jornada que durar\u00e1 hasta el siete del mes en curso, consiste en varias actividades culturales, incluidas una exposici\u00f3n fotogr\u00e1fica y veladas musicales, cinematogr\u00e1ficas y literarias a trav\u00e9s de uno de los m\u00e1s conocidos elementos culturales sirios, la rosa damascena inscrita en la Lista del Patrimonio Humano Inmaterial de la UNESCO en 2019.<\/p>\n<div id='gallery-1' class='gallery galleryid-302801 gallery-columns-1 gallery-size-full'><figure class='gallery-item'>\n\t\t\t<div class='gallery-icon landscape'>\n\t\t\t\t<a href='https:\/\/archive.sana.sy\/es\/wp-content\/uploads\/2023\/07\/Comienzan-los-dias-de-la-Rosa-de-Damasco-en-Turin-Italia-1.jpeg'><img loading=\"lazy\" decoding=\"async\" width=\"660\" height=\"382\" src=\"https:\/\/archive.sana.sy\/es\/wp-content\/uploads\/2023\/07\/Comienzan-los-dias-de-la-Rosa-de-Damasco-en-Turin-Italia-1.jpeg\" class=\"attachment-full size-full\" alt=\"\" srcset=\"https:\/\/archive.sana.sy\/es\/wp-content\/uploads\/2023\/07\/Comienzan-los-dias-de-la-Rosa-de-Damasco-en-Turin-Italia-1.jpeg 660w, https:\/\/archive.sana.sy\/es\/wp-content\/uploads\/2023\/07\/Comienzan-los-dias-de-la-Rosa-de-Damasco-en-Turin-Italia-1-300x174.jpeg 300w, https:\/\/archive.sana.sy\/es\/wp-content\/uploads\/2023\/07\/Comienzan-los-dias-de-la-Rosa-de-Damasco-en-Turin-Italia-1-150x87.jpeg 150w\" sizes=\"(max-width: 660px) 100vw, 660px\" \/><\/a>\n\t\t\t<\/div><\/figure><figure class='gallery-item'>\n\t\t\t<div class='gallery-icon landscape'>\n\t\t\t\t<a href='https:\/\/archive.sana.sy\/es\/wp-content\/uploads\/2023\/07\/Comienzan-los-dias-de-la-Rosa-de-Damasco-en-Turin-Italia-2.jpeg'><img loading=\"lazy\" decoding=\"async\" width=\"660\" height=\"417\" src=\"https:\/\/archive.sana.sy\/es\/wp-content\/uploads\/2023\/07\/Comienzan-los-dias-de-la-Rosa-de-Damasco-en-Turin-Italia-2.jpeg\" class=\"attachment-full size-full\" alt=\"\" srcset=\"https:\/\/archive.sana.sy\/es\/wp-content\/uploads\/2023\/07\/Comienzan-los-dias-de-la-Rosa-de-Damasco-en-Turin-Italia-2.jpeg 660w, https:\/\/archive.sana.sy\/es\/wp-content\/uploads\/2023\/07\/Comienzan-los-dias-de-la-Rosa-de-Damasco-en-Turin-Italia-2-300x190.jpeg 300w, https:\/\/archive.sana.sy\/es\/wp-content\/uploads\/2023\/07\/Comienzan-los-dias-de-la-Rosa-de-Damasco-en-Turin-Italia-2-150x95.jpeg 150w\" sizes=\"(max-width: 660px) 100vw, 660px\" \/><\/a>\n\t\t\t<\/div><\/figure>\n\t\t<\/div>\n\n<p>&nbsp;<\/p>\n<p style=\"text-align: justify\">la<\/p>\n","protected":false},"excerpt":{"rendered":"<p>Roma, 04 jul (SANA) Con el objetivo de afianzar el poder de la diplomacia cultural como herramienta vital en el di\u00e1logo entre los pueblos, la paz y el desarrollo internacionales, han comenzado este martes en Italia los d\u00edas de la \u201cRosa de Damasco&#8230; de Siria a Tur\u00edn\u201d. Este evento est\u00e1 organizado por los Museos Reales &hellip;<\/p>\n","protected":false},"author":24,"featured_media":302802,"comment_status":"closed","ping_status":"closed","sticky":false,"template":"","format":"standard","meta":{"footnotes":""},"categories":[447,597,20724,476,448,7541],"tags":[9132,20510,22242],"class_list":["post-302801","post","type-post","status-publish","format-standard","has-post-thumbnail","","category-local-politica","category-cinta-de-noticias","category-minuto-a-minuto","category-locales","category-noticias","category-ultimas-noticias","tag-italia","tag-rosa-de-damasco","tag-turin"],"_links":{"self":[{"href":"https:\/\/archive.sana.sy\/es\/index.php?rest_route=\/wp\/v2\/posts\/302801"}],"collection":[{"href":"https:\/\/archive.sana.sy\/es\/index.php?rest_route=\/wp\/v2\/posts"}],"about":[{"href":"https:\/\/archive.sana.sy\/es\/index.php?rest_route=\/wp\/v2\/types\/post"}],"author":[{"embeddable":true,"href":"https:\/\/archive.sana.sy\/es\/index.php?rest_route=\/wp\/v2\/users\/24"}],"replies":[{"embeddable":true,"href":"https:\/\/archive.sana.sy\/es\/index.php?rest_route=%2Fwp%2Fv2%2Fcomments&post=302801"}],"version-history":[{"count":9,"href":"https:\/\/archive.sana.sy\/es\/index.php?rest_route=\/wp\/v2\/posts\/302801\/revisions"}],"predecessor-version":[{"id":302813,"href":"https:\/\/archive.sana.sy\/es\/index.php?rest_route=\/wp\/v2\/posts\/302801\/revisions\/302813"}],"wp:featuredmedia":[{"embeddable":true,"href":"https:\/\/archive.sana.sy\/es\/index.php?rest_route=\/wp\/v2\/media\/302802"}],"wp:attachment":[{"href":"https:\/\/archive.sana.sy\/es\/index.php?rest_route=%2Fwp%2Fv2%2Fmedia&parent=302801"}],"wp:term":[{"taxonomy":"category","embeddable":true,"href":"https:\/\/archive.sana.sy\/es\/index.php?rest_route=%2Fwp%2Fv2%2Fcategories&post=302801"},{"taxonomy":"post_tag","embeddable":true,"href":"https:\/\/archive.sana.sy\/es\/index.php?rest_route=%2Fwp%2Fv2%2Ftags&post=302801"}],"curies":[{"name":"wp","href":"https:\/\/api.w.org\/{rel}","templated":true}]}}