{"id":302863,"date":"2023-07-05T13:30:00","date_gmt":"2023-07-05T10:30:00","guid":{"rendered":"https:\/\/sana.sy\/es\/?p=302863"},"modified":"2023-07-05T13:34:25","modified_gmt":"2023-07-05T10:34:25","slug":"fuerzas-israelies-lanzan-nuevos-bombardeos-aereos-contra-gaza","status":"publish","type":"post","link":"https:\/\/archive.sana.sy\/es\/?p=302863","title":{"rendered":"Fuerzas israel\u00edes lanzan nuevos bombardeos a\u00e9reos contra Gaza"},"content":{"rendered":"<p style=\"text-align: justify;\"><span style=\"color: #800000;\"><strong>Jerusal\u00e9n ocupada, 05 jul (SANA)<\/strong><\/span>\u00a0 Aviones de combate israel\u00edes llevaron a cabo nuevos ataques a\u00e9reos esta madrugada contra regiones en la Franja de Gaza.<\/p>\n<p style=\"text-align: justify;\">Seg\u00fan inform\u00f3 la agencia de noticias WAFA , la Fuerza A\u00e9rea de &#8220;Israel&#8221; atac\u00f3 con varios misiles la ciudad de Beit Lahia y el \u00e1rea de Al-Baidar en el suroeste y norte de Gaza, lo que provoc\u00f3 graves da\u00f1os a viviendas y propiedades palestinas.<\/p>\n<p style=\"text-align: justify;\">En Cisjordania, el ej\u00e9rcito israel\u00ed lanza su mayor agresi\u00f3n contra la ciudad de Jen\u00edn y su campamento donde cometi\u00f3 una nueva masacre, en la que decenas de palestinos resultaron muertos o heridos.<\/p>\n<p style=\"text-align: justify;\"><span style=\"color: #000000;\"><strong>ws\/fm<\/strong><\/span><\/p>\n","protected":false},"excerpt":{"rendered":"<p>Jerusal\u00e9n ocupada, 05 jul (SANA)\u00a0 Aviones de combate israel\u00edes llevaron a cabo nuevos ataques a\u00e9reos esta madrugada contra regiones en la Franja de Gaza. Seg\u00fan inform\u00f3 la agencia de noticias WAFA , la Fuerza A\u00e9rea de &#8220;Israel&#8221; atac\u00f3 con varios misiles la ciudad de Beit Lahia y el \u00e1rea de Al-Baidar en el suroeste y &hellip;<\/p>\n","protected":false},"author":35,"featured_media":302866,"comment_status":"closed","ping_status":"closed","sticky":false,"template":"","format":"standard","meta":{"footnotes":""},"categories":[597,456,16687,20724,7541],"tags":[],"class_list":["post-302863","post","type-post","status-publish","format-standard","has-post-thumbnail","","category-cinta-de-noticias","category-arabe-internacional-politica","category-internacionales","category-minuto-a-minuto","category-ultimas-noticias"],"_links":{"self":[{"href":"https:\/\/archive.sana.sy\/es\/index.php?rest_route=\/wp\/v2\/posts\/302863"}],"collection":[{"href":"https:\/\/archive.sana.sy\/es\/index.php?rest_route=\/wp\/v2\/posts"}],"about":[{"href":"https:\/\/archive.sana.sy\/es\/index.php?rest_route=\/wp\/v2\/types\/post"}],"author":[{"embeddable":true,"href":"https:\/\/archive.sana.sy\/es\/index.php?rest_route=\/wp\/v2\/users\/35"}],"replies":[{"embeddable":true,"href":"https:\/\/archive.sana.sy\/es\/index.php?rest_route=%2Fwp%2Fv2%2Fcomments&post=302863"}],"version-history":[{"count":2,"href":"https:\/\/archive.sana.sy\/es\/index.php?rest_route=\/wp\/v2\/posts\/302863\/revisions"}],"predecessor-version":[{"id":302871,"href":"https:\/\/archive.sana.sy\/es\/index.php?rest_route=\/wp\/v2\/posts\/302863\/revisions\/302871"}],"wp:featuredmedia":[{"embeddable":true,"href":"https:\/\/archive.sana.sy\/es\/index.php?rest_route=\/wp\/v2\/media\/302866"}],"wp:attachment":[{"href":"https:\/\/archive.sana.sy\/es\/index.php?rest_route=%2Fwp%2Fv2%2Fmedia&parent=302863"}],"wp:term":[{"taxonomy":"category","embeddable":true,"href":"https:\/\/archive.sana.sy\/es\/index.php?rest_route=%2Fwp%2Fv2%2Fcategories&post=302863"},{"taxonomy":"post_tag","embeddable":true,"href":"https:\/\/archive.sana.sy\/es\/index.php?rest_route=%2Fwp%2Fv2%2Ftags&post=302863"}],"curies":[{"name":"wp","href":"https:\/\/api.w.org\/{rel}","templated":true}]}}