{"id":302933,"date":"2023-07-06T09:22:36","date_gmt":"2023-07-06T06:22:36","guid":{"rendered":"http:\/\/sana.sy\/es\/?p=302933"},"modified":"2023-07-06T09:22:56","modified_gmt":"2023-07-06T06:22:56","slug":"ataques-sistematicos-de-israel-destruyen-centenares-de-viviendas-en-yenin","status":"publish","type":"post","link":"https:\/\/archive.sana.sy\/es\/?p=302933","title":{"rendered":"Ataques sistem\u00e1ticos de Israel destruyen centenares de viviendas en Yen\u00edn"},"content":{"rendered":"<p style=\"text-align: justify;\"><span style=\"color: #800000;\"><strong>Ramala, 5 jul (SANA)\u00a0<\/strong> <\/span>\u00a0Las fuerzas de ocupaci\u00f3n israel\u00ed cometieron una violencia escandalosa\u00a0 contra los palestinos llevando a cabo una serie de ataques a\u00e9reos contra edificios residenciales durante dos d\u00edas contra la ciudad cisjordana de Yen\u00edn y su campamento de refugiados.<\/p>\n<p style=\"text-align: justify;\">Seg\u00fan inform\u00f3 una fuente oficial citada por Prensa Latina, 300 viviendas fueron destruidas y m\u00e1s de 400 edificios sufrieron da\u00f1os graves debido a estos bombardeos.<\/p>\n<p style=\"text-align: justify;\">Los militares sionistas provocaron graves destrozos a las redes de agua y electricidad de ambas localidades, se\u00f1al\u00f3 el portavoz del municipio de Yen\u00edn, Bashir Matahen.<\/p>\n<p style=\"text-align: justify;\">Asimismo , las excavadoras israel\u00edes\u00a0 remov\u00edan las calles en el campamento de refugiados, donde viven unos 11 mil palestinos en apenas medio kil\u00f3metro cuadrado.<\/p>\n<p style=\"text-align: justify;\">El r\u00e9gimen israel\u00ed inici\u00f3 su mayor agresi\u00f3n en Cisjordania en los \u00faltimos a\u00f1os\u00a0 donde miles de soldados asaltaron la regi\u00f3n con\u00a0 150 veh\u00edculos blindados causando destrucci\u00f3n injustificada de bienes civiles bajo el pretexto de eliminar a \u201cun nido de terroristas\u201d, como califican a los milicianos palestinos.<\/p>\n<p style=\"text-align: justify;\">Durante estas agresiones , 12 palestinos murieron, cinco de ellos menores de edad, y m\u00e1s de 140 resultaron heridos.<\/p>\n<p style=\"text-align: justify;\"><strong>ws\/fm<\/strong><\/p>\n","protected":false},"excerpt":{"rendered":"<p>Ramala, 5 jul (SANA)\u00a0 \u00a0Las fuerzas de ocupaci\u00f3n israel\u00ed cometieron una violencia escandalosa\u00a0 contra los palestinos llevando a cabo una serie de ataques a\u00e9reos contra edificios residenciales durante dos d\u00edas contra la ciudad cisjordana de Yen\u00edn y su campamento de refugiados. Seg\u00fan inform\u00f3 una fuente oficial citada por Prensa Latina, 300 viviendas fueron destruidas y &hellip;<\/p>\n","protected":false},"author":35,"featured_media":302934,"comment_status":"closed","ping_status":"closed","sticky":false,"template":"","format":"standard","meta":{"footnotes":""},"categories":[597,456,16687,20724,7541],"tags":[],"class_list":["post-302933","post","type-post","status-publish","format-standard","has-post-thumbnail","","category-cinta-de-noticias","category-arabe-internacional-politica","category-internacionales","category-minuto-a-minuto","category-ultimas-noticias"],"_links":{"self":[{"href":"https:\/\/archive.sana.sy\/es\/index.php?rest_route=\/wp\/v2\/posts\/302933"}],"collection":[{"href":"https:\/\/archive.sana.sy\/es\/index.php?rest_route=\/wp\/v2\/posts"}],"about":[{"href":"https:\/\/archive.sana.sy\/es\/index.php?rest_route=\/wp\/v2\/types\/post"}],"author":[{"embeddable":true,"href":"https:\/\/archive.sana.sy\/es\/index.php?rest_route=\/wp\/v2\/users\/35"}],"replies":[{"embeddable":true,"href":"https:\/\/archive.sana.sy\/es\/index.php?rest_route=%2Fwp%2Fv2%2Fcomments&post=302933"}],"version-history":[{"count":1,"href":"https:\/\/archive.sana.sy\/es\/index.php?rest_route=\/wp\/v2\/posts\/302933\/revisions"}],"predecessor-version":[{"id":302935,"href":"https:\/\/archive.sana.sy\/es\/index.php?rest_route=\/wp\/v2\/posts\/302933\/revisions\/302935"}],"wp:featuredmedia":[{"embeddable":true,"href":"https:\/\/archive.sana.sy\/es\/index.php?rest_route=\/wp\/v2\/media\/302934"}],"wp:attachment":[{"href":"https:\/\/archive.sana.sy\/es\/index.php?rest_route=%2Fwp%2Fv2%2Fmedia&parent=302933"}],"wp:term":[{"taxonomy":"category","embeddable":true,"href":"https:\/\/archive.sana.sy\/es\/index.php?rest_route=%2Fwp%2Fv2%2Fcategories&post=302933"},{"taxonomy":"post_tag","embeddable":true,"href":"https:\/\/archive.sana.sy\/es\/index.php?rest_route=%2Fwp%2Fv2%2Ftags&post=302933"}],"curies":[{"name":"wp","href":"https:\/\/api.w.org\/{rel}","templated":true}]}}