{"id":303031,"date":"2023-07-06T21:38:45","date_gmt":"2023-07-06T18:38:45","guid":{"rendered":"http:\/\/sana.sy\/es\/?p=303031"},"modified":"2023-07-06T21:45:44","modified_gmt":"2023-07-06T18:45:44","slug":"movimiento-de-paises-no-alineados-destaca-importancia-de-respetar-soberania-unidad-e-integridad-territorial-de-los-paises","status":"publish","type":"post","link":"https:\/\/archive.sana.sy\/es\/?p=303031","title":{"rendered":"Movimiento de Pa\u00edses No Alineados destaca importancia de respetar soberan\u00eda, unidad e integridad territorial de los pa\u00edses"},"content":{"rendered":"<blockquote>\n<p style=\"text-align: justify;\"><span style=\"color: #993300;\">Los cancilleres reiteraron la posici\u00f3n del Movimiento que pide el fin de la ocupaci\u00f3n israel\u00ed del Gol\u00e1n \u00e1rabe sirio de conformidad con las Resoluciones del Consejo de Seguridad No. 242\/338.<\/span><\/p>\n<\/blockquote>\n<p style=\"text-align: justify;\"><span style=\"color: #800000;\"><strong>Bak\u00fa, 06 jul (SANA)\u00a0<\/strong> <\/span>Al t\u00e9rmino de su reuni\u00f3n celebrada en la capital de Azerbaiy\u00e1n, Bak\u00fa, los cancilleres del Movimiento de Pa\u00edses No Alineados destacaron la importancia de respetar la soberan\u00eda, la unidad, la integridad territorial y la independencia pol\u00edtica de todos los pa\u00edses, y su rechazo a la injerencia externa en la asuntos internos de los Estados.<\/p>\n<p style=\"text-align: justify;\">Asimismo destacaron importancia de la protecci\u00f3n y promoci\u00f3n de los valores del derecho internacional, las disposiciones de la Carta de las Naciones Unidas y los pilares de la acci\u00f3n multilateral internacional.<br \/>\nLos cancilleres reiteraron la posici\u00f3n del Movimiento que pide el fin de la ocupaci\u00f3n israel\u00ed del Gol\u00e1n \u00e1rabe sirio de conformidad con las Resoluciones del Consejo de Seguridad No. 242\/338.<\/p>\n<p style=\"text-align: justify;\">Los ministros tambi\u00e9n expresaron el apoyo de sus pa\u00edses a la causa palestina, las resoluciones de Referencia internacional pertinentes, el derecho del pueblo palestino a establecer su estado independiente con Jerusal\u00e9n como capital y el derecho al retorno, y condenaron la escalada de la ocupaci\u00f3n israel\u00ed y milicias de colonos en sus mort\u00edferos ataques contra los palestinos.<\/p>\n<p style=\"text-align: justify;\">Por otra parte, condenaron en los t\u00e9rminos m\u00e1s en\u00e9rgicos la imposici\u00f3n de ilegales medidas coercitivas unilaterales contra los Estados miembros del Movimiento.<\/p>\n<p style=\"text-align: justify;\">Tambi\u00e9n recalcaron la necesidad de esfuerzos concertados para hacer frente a los desaf\u00edos existentes y emergentes, adem\u00e1s de trabajar para combatir el terrorismo, las ambiciones expansionistas, los conflictos separatistas y los delitos transnacionales.<\/p>\n<p style=\"text-align: justify;\">Los ministros pidieron continuar el trabajo para establecer una zona libre de armas nucleares en el Medio Oriente, obligar a Israel a unirse al Tratado de No Proliferaci\u00f3n y poner sus instalaciones nucleares bajo el sistema de salvaguardias de la Agencia Internacional de Energ\u00eda At\u00f3mica.<\/p>\n<p style=\"text-align: justify;\">La reuni\u00f3n de cancilleres del Movimiento de Pa\u00edses No Alineados inici\u00f3 ayer sus trabajos en la capital de Azerbaiy\u00e1n, Bak\u00fa, bajo el lema (Unidos y firmes ante los desaf\u00edos emergentes).<\/p>\n<p style=\"text-align: justify;\">mm\/sm<\/p>\n","protected":false},"excerpt":{"rendered":"<p>Los cancilleres reiteraron la posici\u00f3n del Movimiento que pide el fin de la ocupaci\u00f3n israel\u00ed del Gol\u00e1n \u00e1rabe sirio de conformidad con las Resoluciones del Consejo de Seguridad No. 242\/338. Bak\u00fa, 06 jul (SANA)\u00a0 Al t\u00e9rmino de su reuni\u00f3n celebrada en la capital de Azerbaiy\u00e1n, Bak\u00fa, los cancilleres del Movimiento de Pa\u00edses No Alineados destacaron &hellip;<\/p>\n","protected":false},"author":39,"featured_media":303032,"comment_status":"closed","ping_status":"closed","sticky":false,"template":"","format":"standard","meta":{"footnotes":""},"categories":[597,20724,467,7541],"tags":[],"class_list":["post-303031","post","type-post","status-publish","format-standard","has-post-thumbnail","","category-cinta-de-noticias","category-minuto-a-minuto","category-siria-y-el-mundo","category-ultimas-noticias"],"_links":{"self":[{"href":"https:\/\/archive.sana.sy\/es\/index.php?rest_route=\/wp\/v2\/posts\/303031"}],"collection":[{"href":"https:\/\/archive.sana.sy\/es\/index.php?rest_route=\/wp\/v2\/posts"}],"about":[{"href":"https:\/\/archive.sana.sy\/es\/index.php?rest_route=\/wp\/v2\/types\/post"}],"author":[{"embeddable":true,"href":"https:\/\/archive.sana.sy\/es\/index.php?rest_route=\/wp\/v2\/users\/39"}],"replies":[{"embeddable":true,"href":"https:\/\/archive.sana.sy\/es\/index.php?rest_route=%2Fwp%2Fv2%2Fcomments&post=303031"}],"version-history":[{"count":1,"href":"https:\/\/archive.sana.sy\/es\/index.php?rest_route=\/wp\/v2\/posts\/303031\/revisions"}],"predecessor-version":[{"id":303033,"href":"https:\/\/archive.sana.sy\/es\/index.php?rest_route=\/wp\/v2\/posts\/303031\/revisions\/303033"}],"wp:featuredmedia":[{"embeddable":true,"href":"https:\/\/archive.sana.sy\/es\/index.php?rest_route=\/wp\/v2\/media\/303032"}],"wp:attachment":[{"href":"https:\/\/archive.sana.sy\/es\/index.php?rest_route=%2Fwp%2Fv2%2Fmedia&parent=303031"}],"wp:term":[{"taxonomy":"category","embeddable":true,"href":"https:\/\/archive.sana.sy\/es\/index.php?rest_route=%2Fwp%2Fv2%2Fcategories&post=303031"},{"taxonomy":"post_tag","embeddable":true,"href":"https:\/\/archive.sana.sy\/es\/index.php?rest_route=%2Fwp%2Fv2%2Ftags&post=303031"}],"curies":[{"name":"wp","href":"https:\/\/api.w.org\/{rel}","templated":true}]}}