{"id":303069,"date":"2023-07-07T13:54:56","date_gmt":"2023-07-07T10:54:56","guid":{"rendered":"http:\/\/sana.sy\/es\/?p=303069"},"modified":"2023-07-07T13:54:56","modified_gmt":"2023-07-07T10:54:56","slug":"seguridad-rusa-arresta-a-un-agente-pro-regimen-de-kiev-que-llevo-a-cabo-atentados-contra-lineas-ferroviarias-en-crimea","status":"publish","type":"post","link":"https:\/\/archive.sana.sy\/es\/?p=303069","title":{"rendered":"Seguridad rusa arresta a un agente pro r\u00e9gimen de Kiev que llev\u00f3 a cabo atentados contra l\u00edneas ferroviarias en Crimea"},"content":{"rendered":"<p style=\"text-align: justify;\"><span style=\"color: #800000;\"><strong>Mosc\u00fa, 07 jul (SANA)\u00a0<\/strong> <\/span>\u00a0El Servicio de Seguridad Federal de Rusia arrest\u00f3 a un agente reclutado por el servicio de inteligencia ucraniano para llevar a cabo atentados con bombas en las v\u00edas f\u00e9rreas de Crimea el pasado mes de febrero.<\/p>\n<p style=\"text-align: justify;\">El ente inform\u00f3 a la agencia TASS que agentes de seguridad rusos en Simferopol arrestaron a un agente de inteligencia militar ucraniano de nacionalidad rusa, que hizo estallar l\u00edneas ferroviarias en Crimea siguiendo instrucciones del r\u00e9gimen de Kiev.<\/p>\n<p style=\"text-align: justify;\">Indic\u00f3 que el detenido confes\u00f3 haber cooperado con los servicios especiales de Ucrania y cometido un acto de sabotaje y terrorismo, y se abri\u00f3 un caso penal en su contra.<\/p>\n<p style=\"text-align: justify;\">sm<\/p>\n","protected":false},"excerpt":{"rendered":"<p>Mosc\u00fa, 07 jul (SANA)\u00a0 \u00a0El Servicio de Seguridad Federal de Rusia arrest\u00f3 a un agente reclutado por el servicio de inteligencia ucraniano para llevar a cabo atentados con bombas en las v\u00edas f\u00e9rreas de Crimea el pasado mes de febrero. El ente inform\u00f3 a la agencia TASS que agentes de seguridad rusos en Simferopol arrestaron &hellip;<\/p>\n","protected":false},"author":39,"featured_media":303070,"comment_status":"closed","ping_status":"closed","sticky":false,"template":"","format":"standard","meta":{"footnotes":""},"categories":[597,456,16687,20724],"tags":[],"class_list":["post-303069","post","type-post","status-publish","format-standard","has-post-thumbnail","","category-cinta-de-noticias","category-arabe-internacional-politica","category-internacionales","category-minuto-a-minuto"],"_links":{"self":[{"href":"https:\/\/archive.sana.sy\/es\/index.php?rest_route=\/wp\/v2\/posts\/303069"}],"collection":[{"href":"https:\/\/archive.sana.sy\/es\/index.php?rest_route=\/wp\/v2\/posts"}],"about":[{"href":"https:\/\/archive.sana.sy\/es\/index.php?rest_route=\/wp\/v2\/types\/post"}],"author":[{"embeddable":true,"href":"https:\/\/archive.sana.sy\/es\/index.php?rest_route=\/wp\/v2\/users\/39"}],"replies":[{"embeddable":true,"href":"https:\/\/archive.sana.sy\/es\/index.php?rest_route=%2Fwp%2Fv2%2Fcomments&post=303069"}],"version-history":[{"count":1,"href":"https:\/\/archive.sana.sy\/es\/index.php?rest_route=\/wp\/v2\/posts\/303069\/revisions"}],"predecessor-version":[{"id":303071,"href":"https:\/\/archive.sana.sy\/es\/index.php?rest_route=\/wp\/v2\/posts\/303069\/revisions\/303071"}],"wp:featuredmedia":[{"embeddable":true,"href":"https:\/\/archive.sana.sy\/es\/index.php?rest_route=\/wp\/v2\/media\/303070"}],"wp:attachment":[{"href":"https:\/\/archive.sana.sy\/es\/index.php?rest_route=%2Fwp%2Fv2%2Fmedia&parent=303069"}],"wp:term":[{"taxonomy":"category","embeddable":true,"href":"https:\/\/archive.sana.sy\/es\/index.php?rest_route=%2Fwp%2Fv2%2Fcategories&post=303069"},{"taxonomy":"post_tag","embeddable":true,"href":"https:\/\/archive.sana.sy\/es\/index.php?rest_route=%2Fwp%2Fv2%2Ftags&post=303069"}],"curies":[{"name":"wp","href":"https:\/\/api.w.org\/{rel}","templated":true}]}}