{"id":303074,"date":"2023-07-07T14:40:42","date_gmt":"2023-07-07T11:40:42","guid":{"rendered":"http:\/\/sana.sy\/es\/?p=303074"},"modified":"2023-07-07T14:44:13","modified_gmt":"2023-07-07T11:44:13","slug":"canciller-sirio-analiza-con-los-cancilleres-de-nicaragua-y-bielorrusia-y-el-vicecanciller-de-cuba-relaciones-bilaterales-y-coordinacion-entre-los-paises-del-movimiento-de-paises-no-alineados","status":"publish","type":"post","link":"https:\/\/archive.sana.sy\/es\/?p=303074","title":{"rendered":"Canciller sirio se re\u00fane con sus hom\u00f3logos de Nicaragua y Bielorrusia y el vicecanciller de Cuba en Bak\u00fa"},"content":{"rendered":"<p style=\"text-align: justify;\"><span style=\"color: #800000;\"><strong>Bak\u00fa, 07 jul (SANA)\u00a0<\/strong> <\/span>\u00a0El ministro sirio de Asuntos Exteriores y Expatriados, Faisal Al-Mekdad, y en el segundo d\u00eda de su participaci\u00f3n en la reuni\u00f3n de cancilleres de pa\u00edses del Movimiento de Pa\u00edses No Alineados (NOAL) celebrada en la capital de Azerbaiy\u00e1n, Bak\u00fa, se reuni\u00f3 con el ministro de Relaciones Exteriores de Nicaragua , Denis Moncada Colinders.<\/p>\n<p style=\"text-align: justify;\"><img loading=\"lazy\" decoding=\"async\" class=\"size-medium wp-image-303076 alignleft\" src=\"http:\/\/sana.sy\/es\/wp-content\/uploads\/2023\/07\/Canciller-sirio-analiza-con-los-cancilleres-de-Nicaragua-y-Bielorrusia-y-el-vicecanciller-de-Cuba-relaciones-bilaterales-y-coordinacion-entre-los-paises-del-Movimiento-de-Paises-No-Alineados-3-300x192.jpg\" alt=\"\" width=\"300\" height=\"192\" srcset=\"https:\/\/archive.sana.sy\/es\/wp-content\/uploads\/2023\/07\/Canciller-sirio-analiza-con-los-cancilleres-de-Nicaragua-y-Bielorrusia-y-el-vicecanciller-de-Cuba-relaciones-bilaterales-y-coordinacion-entre-los-paises-del-Movimiento-de-Paises-No-Alineados-3-300x192.jpg 300w, https:\/\/archive.sana.sy\/es\/wp-content\/uploads\/2023\/07\/Canciller-sirio-analiza-con-los-cancilleres-de-Nicaragua-y-Bielorrusia-y-el-vicecanciller-de-Cuba-relaciones-bilaterales-y-coordinacion-entre-los-paises-del-Movimiento-de-Paises-No-Alineados-3-1024x655.jpg 1024w, https:\/\/archive.sana.sy\/es\/wp-content\/uploads\/2023\/07\/Canciller-sirio-analiza-con-los-cancilleres-de-Nicaragua-y-Bielorrusia-y-el-vicecanciller-de-Cuba-relaciones-bilaterales-y-coordinacion-entre-los-paises-del-Movimiento-de-Paises-No-Alineados-3-150x96.jpg 150w, https:\/\/archive.sana.sy\/es\/wp-content\/uploads\/2023\/07\/Canciller-sirio-analiza-con-los-cancilleres-de-Nicaragua-y-Bielorrusia-y-el-vicecanciller-de-Cuba-relaciones-bilaterales-y-coordinacion-entre-los-paises-del-Movimiento-de-Paises-No-Alineados-3-768x491.jpg 768w, https:\/\/archive.sana.sy\/es\/wp-content\/uploads\/2023\/07\/Canciller-sirio-analiza-con-los-cancilleres-de-Nicaragua-y-Bielorrusia-y-el-vicecanciller-de-Cuba-relaciones-bilaterales-y-coordinacion-entre-los-paises-del-Movimiento-de-Paises-No-Alineados-3.jpg 1200w\" sizes=\"(max-width: 300px) 100vw, 300px\" \/><\/p>\n<p style=\"text-align: justify;\">Las dos partes analizaron las perspectivas para mejorar la cooperaci\u00f3n y la coordinaci\u00f3n entre los pa\u00edses del Movimiento, especialmente a la luz de las amenazas e intentos de hegemon\u00eda e interferencia en sus asuntos internos.<\/p>\n<p style=\"text-align: justify;\">Asimismo, el jefe de la diplomacia siria repas\u00f3 con el ministro de Relaciones Exteriores de Bielorrusia, Serguei Allink, los temas de la agenda de la reuni\u00f3n de Bak\u00fa y los acontecimientos regionales e internacionales. Se acordaron puntos de vista sobre la importancia de continuar la lucha hacia un mundo multipolar y m\u00e1s justo.<\/p>\n<p style=\"text-align: justify;\">Ambos Cancilleres afirmaron la determinaci\u00f3n de sus pa\u00edses de continuar fortaleciendo las relaciones bilaterales en diversos campos.<\/p>\n<p style=\"text-align: justify;\"><img loading=\"lazy\" decoding=\"async\" class=\"size-medium wp-image-303077 alignleft\" src=\"http:\/\/sana.sy\/es\/wp-content\/uploads\/2023\/07\/Canciller-sirio-analiza-con-los-cancilleres-de-Nicaragua-y-Bielorrusia-y-el-vicecanciller-de-Cuba-relaciones-bilaterales-y-coordinacion-entre-los-paises-del-Movimiento-de-Paises-No-Alineados-1-300x216.jpg\" alt=\"\" width=\"300\" height=\"216\" srcset=\"https:\/\/archive.sana.sy\/es\/wp-content\/uploads\/2023\/07\/Canciller-sirio-analiza-con-los-cancilleres-de-Nicaragua-y-Bielorrusia-y-el-vicecanciller-de-Cuba-relaciones-bilaterales-y-coordinacion-entre-los-paises-del-Movimiento-de-Paises-No-Alineados-1-300x216.jpg 300w, https:\/\/archive.sana.sy\/es\/wp-content\/uploads\/2023\/07\/Canciller-sirio-analiza-con-los-cancilleres-de-Nicaragua-y-Bielorrusia-y-el-vicecanciller-de-Cuba-relaciones-bilaterales-y-coordinacion-entre-los-paises-del-Movimiento-de-Paises-No-Alineados-1-1024x736.jpg 1024w, https:\/\/archive.sana.sy\/es\/wp-content\/uploads\/2023\/07\/Canciller-sirio-analiza-con-los-cancilleres-de-Nicaragua-y-Bielorrusia-y-el-vicecanciller-de-Cuba-relaciones-bilaterales-y-coordinacion-entre-los-paises-del-Movimiento-de-Paises-No-Alineados-1-150x108.jpg 150w, https:\/\/archive.sana.sy\/es\/wp-content\/uploads\/2023\/07\/Canciller-sirio-analiza-con-los-cancilleres-de-Nicaragua-y-Bielorrusia-y-el-vicecanciller-de-Cuba-relaciones-bilaterales-y-coordinacion-entre-los-paises-del-Movimiento-de-Paises-No-Alineados-1-768x552.jpg 768w, https:\/\/archive.sana.sy\/es\/wp-content\/uploads\/2023\/07\/Canciller-sirio-analiza-con-los-cancilleres-de-Nicaragua-y-Bielorrusia-y-el-vicecanciller-de-Cuba-relaciones-bilaterales-y-coordinacion-entre-los-paises-del-Movimiento-de-Paises-No-Alineados-1.jpg 1200w\" sizes=\"(max-width: 300px) 100vw, 300px\" \/><\/p>\n<p style=\"text-align: justify;\">En el mismo contexto, el Ministro Al-Mekdad se reuni\u00f3 con el vicecanciller primero de Cuba, Gerardo Pe\u00f1alver, donde ambas partes destacaron la necesidad de adherirse a los fines y principios del Movimiento de Pa\u00edses No Alineados y fortalecer la solidaridad entre los pa\u00edses del mismo, especialmente a la luz de los crecientes desaf\u00edos globales.<\/p>\n<p style=\"text-align: justify;\">Adem\u00e1s, ambas partes abordaron aspectos relacionados con la Cumbre de Ciencia y Tecnolog\u00eda del Grupo de los 77 y China, que se realizar\u00e1 en septiembre en la capital cubana, La Habana, y acordaron continuar fortaleciendo las distinguidas relaciones bilaterales entre ambos pa\u00edses, y continuar la coordinaci\u00f3n en los foros internacionales.<\/p>\n<p style=\"text-align: justify;\">sm<\/p>\n","protected":false},"excerpt":{"rendered":"<p>Bak\u00fa, 07 jul (SANA)\u00a0 \u00a0El ministro sirio de Asuntos Exteriores y Expatriados, Faisal Al-Mekdad, y en el segundo d\u00eda de su participaci\u00f3n en la reuni\u00f3n de cancilleres de pa\u00edses del Movimiento de Pa\u00edses No Alineados (NOAL) celebrada en la capital de Azerbaiy\u00e1n, Bak\u00fa, se reuni\u00f3 con el ministro de Relaciones Exteriores de Nicaragua , Denis &hellip;<\/p>\n","protected":false},"author":39,"featured_media":303075,"comment_status":"closed","ping_status":"closed","sticky":false,"template":"","format":"standard","meta":{"footnotes":""},"categories":[477,597,467,583],"tags":[],"class_list":["post-303074","post","type-post","status-publish","format-standard","has-post-thumbnail","","category-noticias-edulcorantes","category-cinta-de-noticias","category-siria-y-el-mundo","category-slide"],"_links":{"self":[{"href":"https:\/\/archive.sana.sy\/es\/index.php?rest_route=\/wp\/v2\/posts\/303074"}],"collection":[{"href":"https:\/\/archive.sana.sy\/es\/index.php?rest_route=\/wp\/v2\/posts"}],"about":[{"href":"https:\/\/archive.sana.sy\/es\/index.php?rest_route=\/wp\/v2\/types\/post"}],"author":[{"embeddable":true,"href":"https:\/\/archive.sana.sy\/es\/index.php?rest_route=\/wp\/v2\/users\/39"}],"replies":[{"embeddable":true,"href":"https:\/\/archive.sana.sy\/es\/index.php?rest_route=%2Fwp%2Fv2%2Fcomments&post=303074"}],"version-history":[{"count":3,"href":"https:\/\/archive.sana.sy\/es\/index.php?rest_route=\/wp\/v2\/posts\/303074\/revisions"}],"predecessor-version":[{"id":303080,"href":"https:\/\/archive.sana.sy\/es\/index.php?rest_route=\/wp\/v2\/posts\/303074\/revisions\/303080"}],"wp:featuredmedia":[{"embeddable":true,"href":"https:\/\/archive.sana.sy\/es\/index.php?rest_route=\/wp\/v2\/media\/303075"}],"wp:attachment":[{"href":"https:\/\/archive.sana.sy\/es\/index.php?rest_route=%2Fwp%2Fv2%2Fmedia&parent=303074"}],"wp:term":[{"taxonomy":"category","embeddable":true,"href":"https:\/\/archive.sana.sy\/es\/index.php?rest_route=%2Fwp%2Fv2%2Fcategories&post=303074"},{"taxonomy":"post_tag","embeddable":true,"href":"https:\/\/archive.sana.sy\/es\/index.php?rest_route=%2Fwp%2Fv2%2Ftags&post=303074"}],"curies":[{"name":"wp","href":"https:\/\/api.w.org\/{rel}","templated":true}]}}