{"id":303096,"date":"2023-07-07T17:52:01","date_gmt":"2023-07-07T14:52:01","guid":{"rendered":"http:\/\/sana.sy\/es\/?p=303096"},"modified":"2023-07-07T17:56:06","modified_gmt":"2023-07-07T14:56:06","slug":"putin-los-enemigos-de-rusia-no-han-logrado-sus-objetivos-ni-los-lograran","status":"publish","type":"post","link":"https:\/\/archive.sana.sy\/es\/?p=303096","title":{"rendered":"Putin: los enemigos de Rusia no han logrado sus objetivos ni los lograr\u00e1n"},"content":{"rendered":"<p style=\"text-align: justify;\"><strong><span style=\"color: #800000;\">Mosc\u00fa, 07 jul (SANA)\u00a0<\/span> <\/strong>El presidente ruso, Vladimir Putin, expres\u00f3 su confianza en la capacidad de su pa\u00eds para superar todas las dificultades que algunos pa\u00edses est\u00e1n tratando de crear a Rusia.<\/p>\n<p style=\"text-align: justify;\">\u201cHoy analizaremos las medidas que estamos tomando y debemos tomar para superar los obst\u00e1culos que algunos pa\u00edses crean con respecto a Rusia\u201d, declar\u00f3 Putin, seg\u00fan la agencia de noticias TASS, durante una reuni\u00f3n con los miembros permanentes del Consejo de Seguridad de la Federaci\u00f3n Rusa.<\/p>\n<p style=\"text-align: justify;\">Se\u00f1al\u00f3 que aquellos que apuntan a Rusia a\u00fan no han logrado los objetivos que se propusieron ni los lograr\u00e1n.<\/p>\n<p style=\"text-align: justify;\">En v\u00edspera, el vocero oficial de la presidencia rusa, Dmitry Peskov, confirm\u00f3 que lograr los objetivos de la operaci\u00f3n militar especial es lo m\u00e1s importante para su pa\u00eds.<\/p>\n<p style=\"text-align: justify;\">sm<\/p>\n","protected":false},"excerpt":{"rendered":"<p>Mosc\u00fa, 07 jul (SANA)\u00a0 El presidente ruso, Vladimir Putin, expres\u00f3 su confianza en la capacidad de su pa\u00eds para superar todas las dificultades que algunos pa\u00edses est\u00e1n tratando de crear a Rusia. \u201cHoy analizaremos las medidas que estamos tomando y debemos tomar para superar los obst\u00e1culos que algunos pa\u00edses crean con respecto a Rusia\u201d, declar\u00f3 &hellip;<\/p>\n","protected":false},"author":39,"featured_media":303097,"comment_status":"closed","ping_status":"closed","sticky":false,"template":"","format":"standard","meta":{"footnotes":""},"categories":[597,456,16687,20724,7541],"tags":[],"class_list":["post-303096","post","type-post","status-publish","format-standard","has-post-thumbnail","","category-cinta-de-noticias","category-arabe-internacional-politica","category-internacionales","category-minuto-a-minuto","category-ultimas-noticias"],"_links":{"self":[{"href":"https:\/\/archive.sana.sy\/es\/index.php?rest_route=\/wp\/v2\/posts\/303096"}],"collection":[{"href":"https:\/\/archive.sana.sy\/es\/index.php?rest_route=\/wp\/v2\/posts"}],"about":[{"href":"https:\/\/archive.sana.sy\/es\/index.php?rest_route=\/wp\/v2\/types\/post"}],"author":[{"embeddable":true,"href":"https:\/\/archive.sana.sy\/es\/index.php?rest_route=\/wp\/v2\/users\/39"}],"replies":[{"embeddable":true,"href":"https:\/\/archive.sana.sy\/es\/index.php?rest_route=%2Fwp%2Fv2%2Fcomments&post=303096"}],"version-history":[{"count":3,"href":"https:\/\/archive.sana.sy\/es\/index.php?rest_route=\/wp\/v2\/posts\/303096\/revisions"}],"predecessor-version":[{"id":303100,"href":"https:\/\/archive.sana.sy\/es\/index.php?rest_route=\/wp\/v2\/posts\/303096\/revisions\/303100"}],"wp:featuredmedia":[{"embeddable":true,"href":"https:\/\/archive.sana.sy\/es\/index.php?rest_route=\/wp\/v2\/media\/303097"}],"wp:attachment":[{"href":"https:\/\/archive.sana.sy\/es\/index.php?rest_route=%2Fwp%2Fv2%2Fmedia&parent=303096"}],"wp:term":[{"taxonomy":"category","embeddable":true,"href":"https:\/\/archive.sana.sy\/es\/index.php?rest_route=%2Fwp%2Fv2%2Fcategories&post=303096"},{"taxonomy":"post_tag","embeddable":true,"href":"https:\/\/archive.sana.sy\/es\/index.php?rest_route=%2Fwp%2Fv2%2Ftags&post=303096"}],"curies":[{"name":"wp","href":"https:\/\/api.w.org\/{rel}","templated":true}]}}