{"id":303101,"date":"2023-07-07T19:24:25","date_gmt":"2023-07-07T16:24:25","guid":{"rendered":"http:\/\/sana.sy\/es\/?p=303101"},"modified":"2023-07-07T19:27:55","modified_gmt":"2023-07-07T16:27:55","slug":"celebran-conferencia-cultural-en-marco-de-las-jornadas-de-la-rosa-de-damasco-de-siria-a-turin","status":"publish","type":"post","link":"https:\/\/archive.sana.sy\/es\/?p=303101","title":{"rendered":"Celebran conferencia cultural en marco de las jornadas de \u201cLa Rosa de Damasco\u2026 De Siria a Tur\u00edn\u201d"},"content":{"rendered":"<p style=\"text-align: justify;\"><span style=\"color: #800000;\"><strong>Roma, 07 jul (SANA)\u00a0<\/strong><\/span> En el marco de las actividades de las jornadas de \u201cLa Rosa de Damasco\u2026 De Siria a Tur\u00edn\u201d, se celebr\u00f3 hoy en el Palacio Real de Tur\u00edn, Italia, la conferencia de Patrimonio Cultural \u201cPuente de Paz\u201d.<\/p>\n<p style=\"text-align: justify;\">La jornada es organizada por los Museos Reales de Tur\u00edn y el Fondo Sirio para el Desarrollo, en cooperaci\u00f3n con la Fundaci\u00f3n Santagata para la Econom\u00eda de la Cultura.<\/p>\n<p style=\"text-align: justify;\">Al evento asistieron varios expertos en antig\u00fcedades y arqueol\u00f3gicos sirios, italianos y extranjeros, adem\u00e1s del descubridor del Reino de Ebla, Paolo Mattei, quien fue condecorado con la Medalla Siria del M\u00e9rito del m\u00e1s alto grado.<\/p>\n<p style=\"text-align: justify;\">En su discurso durante la conferencia, el Director General Adjunto de la Direcci\u00f3n de Antig\u00fcedades y Museos de Siria, Hammam Saad, inform\u00f3 que desde el a\u00f1o 1960 hasta 2011, fueron realizadas en Siria 673 jornadas de trabajo de misiones arqueol\u00f3gicas conjuntas, 610 misiones extranjeras y otras 291 nacionales.<\/p>\n<p style=\"text-align: justify;\">Indic\u00f3 que despu\u00e9s del a\u00f1o 2011, el n\u00famero de misiones arqueol\u00f3gicas operadas en Siria disminuy\u00f3 de 120 a menos de 20, mientras que las misiones conjuntas se limitaron a s\u00f3lo una h\u00fangara en el castillo de Al-Marqab.<\/p>\n<p style=\"text-align: justify;\">Las jornadas de \u201cLa Rosa de Damasco\u2026 De Siria a Tur\u00edn\u201d se concluyan hoy con una velada musical cl\u00e1sica en el teatro romano de la hist\u00f3rica ciudad de Tur\u00edn, mientras que la exposici\u00f3n fotogr\u00e1fica y el modelo art\u00edstico de la Rosa de Damasco seguir\u00e1n estando exhibidas en los Jardines Reales de Italia hasta el primero del pr\u00f3ximo octubre.<\/p>\n<div id='gallery-1' class='gallery galleryid-303101 gallery-columns-3 gallery-size-medium'><figure class='gallery-item'>\n\t\t\t<div class='gallery-icon landscape'>\n\t\t\t\t<a href='https:\/\/archive.sana.sy\/es\/wp-content\/uploads\/2023\/07\/photo_2023-07-07_09-28-20-scaled.jpg'><img loading=\"lazy\" decoding=\"async\" width=\"300\" height=\"193\" src=\"https:\/\/archive.sana.sy\/es\/wp-content\/uploads\/2023\/07\/photo_2023-07-07_09-28-20-300x193.jpg\" class=\"attachment-medium size-medium\" alt=\"\" srcset=\"https:\/\/archive.sana.sy\/es\/wp-content\/uploads\/2023\/07\/photo_2023-07-07_09-28-20-300x193.jpg 300w, https:\/\/archive.sana.sy\/es\/wp-content\/uploads\/2023\/07\/photo_2023-07-07_09-28-20-1024x657.jpg 1024w, https:\/\/archive.sana.sy\/es\/wp-content\/uploads\/2023\/07\/photo_2023-07-07_09-28-20-150x96.jpg 150w, https:\/\/archive.sana.sy\/es\/wp-content\/uploads\/2023\/07\/photo_2023-07-07_09-28-20-768x493.jpg 768w, https:\/\/archive.sana.sy\/es\/wp-content\/uploads\/2023\/07\/photo_2023-07-07_09-28-20-1536x986.jpg 1536w, https:\/\/archive.sana.sy\/es\/wp-content\/uploads\/2023\/07\/photo_2023-07-07_09-28-20-2048x1314.jpg 2048w\" sizes=\"(max-width: 300px) 100vw, 300px\" \/><\/a>\n\t\t\t<\/div><\/figure><figure class='gallery-item'>\n\t\t\t<div class='gallery-icon landscape'>\n\t\t\t\t<a href='https:\/\/archive.sana.sy\/es\/wp-content\/uploads\/2023\/07\/photo_2023-07-07_09-28-32-scaled.jpg'><img loading=\"lazy\" decoding=\"async\" width=\"300\" height=\"200\" src=\"https:\/\/archive.sana.sy\/es\/wp-content\/uploads\/2023\/07\/photo_2023-07-07_09-28-32-300x200.jpg\" class=\"attachment-medium size-medium\" alt=\"\" srcset=\"https:\/\/archive.sana.sy\/es\/wp-content\/uploads\/2023\/07\/photo_2023-07-07_09-28-32-300x200.jpg 300w, https:\/\/archive.sana.sy\/es\/wp-content\/uploads\/2023\/07\/photo_2023-07-07_09-28-32-1024x683.jpg 1024w, https:\/\/archive.sana.sy\/es\/wp-content\/uploads\/2023\/07\/photo_2023-07-07_09-28-32-150x100.jpg 150w, https:\/\/archive.sana.sy\/es\/wp-content\/uploads\/2023\/07\/photo_2023-07-07_09-28-32-768x512.jpg 768w, https:\/\/archive.sana.sy\/es\/wp-content\/uploads\/2023\/07\/photo_2023-07-07_09-28-32-1536x1024.jpg 1536w, https:\/\/archive.sana.sy\/es\/wp-content\/uploads\/2023\/07\/photo_2023-07-07_09-28-32-2048x1365.jpg 2048w\" sizes=\"(max-width: 300px) 100vw, 300px\" \/><\/a>\n\t\t\t<\/div><\/figure><figure class='gallery-item'>\n\t\t\t<div class='gallery-icon landscape'>\n\t\t\t\t<a href='https:\/\/archive.sana.sy\/es\/wp-content\/uploads\/2023\/07\/photo_2023-07-07_09-28-40-scaled.jpg'><img loading=\"lazy\" decoding=\"async\" width=\"300\" height=\"200\" src=\"https:\/\/archive.sana.sy\/es\/wp-content\/uploads\/2023\/07\/photo_2023-07-07_09-28-40-300x200.jpg\" class=\"attachment-medium size-medium\" alt=\"\" srcset=\"https:\/\/archive.sana.sy\/es\/wp-content\/uploads\/2023\/07\/photo_2023-07-07_09-28-40-300x200.jpg 300w, https:\/\/archive.sana.sy\/es\/wp-content\/uploads\/2023\/07\/photo_2023-07-07_09-28-40-1024x683.jpg 1024w, https:\/\/archive.sana.sy\/es\/wp-content\/uploads\/2023\/07\/photo_2023-07-07_09-28-40-150x100.jpg 150w, https:\/\/archive.sana.sy\/es\/wp-content\/uploads\/2023\/07\/photo_2023-07-07_09-28-40-768x512.jpg 768w, https:\/\/archive.sana.sy\/es\/wp-content\/uploads\/2023\/07\/photo_2023-07-07_09-28-40-1536x1024.jpg 1536w, https:\/\/archive.sana.sy\/es\/wp-content\/uploads\/2023\/07\/photo_2023-07-07_09-28-40-2048x1365.jpg 2048w\" sizes=\"(max-width: 300px) 100vw, 300px\" \/><\/a>\n\t\t\t<\/div><\/figure>\n\t\t<\/div>\n\n<p style=\"text-align: justify;\">rr\/sm<\/p>\n","protected":false},"excerpt":{"rendered":"<p>Roma, 07 jul (SANA)\u00a0 En el marco de las actividades de las jornadas de \u201cLa Rosa de Damasco\u2026 De Siria a Tur\u00edn\u201d, se celebr\u00f3 hoy en el Palacio Real de Tur\u00edn, Italia, la conferencia de Patrimonio Cultural \u201cPuente de Paz\u201d. La jornada es organizada por los Museos Reales de Tur\u00edn y el Fondo Sirio para &hellip;<\/p>\n","protected":false},"author":31,"featured_media":303106,"comment_status":"closed","ping_status":"closed","sticky":false,"template":"","format":"standard","meta":{"footnotes":""},"categories":[597,467,7541],"tags":[9132,22246,6553],"class_list":["post-303101","post","type-post","status-publish","format-standard","has-post-thumbnail","","category-cinta-de-noticias","category-siria-y-el-mundo","category-ultimas-noticias","tag-italia","tag-rosa-damascena","tag-siria"],"_links":{"self":[{"href":"https:\/\/archive.sana.sy\/es\/index.php?rest_route=\/wp\/v2\/posts\/303101"}],"collection":[{"href":"https:\/\/archive.sana.sy\/es\/index.php?rest_route=\/wp\/v2\/posts"}],"about":[{"href":"https:\/\/archive.sana.sy\/es\/index.php?rest_route=\/wp\/v2\/types\/post"}],"author":[{"embeddable":true,"href":"https:\/\/archive.sana.sy\/es\/index.php?rest_route=\/wp\/v2\/users\/31"}],"replies":[{"embeddable":true,"href":"https:\/\/archive.sana.sy\/es\/index.php?rest_route=%2Fwp%2Fv2%2Fcomments&post=303101"}],"version-history":[{"count":3,"href":"https:\/\/archive.sana.sy\/es\/index.php?rest_route=\/wp\/v2\/posts\/303101\/revisions"}],"predecessor-version":[{"id":303109,"href":"https:\/\/archive.sana.sy\/es\/index.php?rest_route=\/wp\/v2\/posts\/303101\/revisions\/303109"}],"wp:featuredmedia":[{"embeddable":true,"href":"https:\/\/archive.sana.sy\/es\/index.php?rest_route=\/wp\/v2\/media\/303106"}],"wp:attachment":[{"href":"https:\/\/archive.sana.sy\/es\/index.php?rest_route=%2Fwp%2Fv2%2Fmedia&parent=303101"}],"wp:term":[{"taxonomy":"category","embeddable":true,"href":"https:\/\/archive.sana.sy\/es\/index.php?rest_route=%2Fwp%2Fv2%2Fcategories&post=303101"},{"taxonomy":"post_tag","embeddable":true,"href":"https:\/\/archive.sana.sy\/es\/index.php?rest_route=%2Fwp%2Fv2%2Ftags&post=303101"}],"curies":[{"name":"wp","href":"https:\/\/api.w.org\/{rel}","templated":true}]}}