{"id":303112,"date":"2023-07-07T20:17:29","date_gmt":"2023-07-07T17:17:29","guid":{"rendered":"http:\/\/sana.sy\/es\/?p=303112"},"modified":"2023-07-07T20:33:30","modified_gmt":"2023-07-07T17:33:30","slug":"ataque-ruso-destruyo-la-academia-militar-de-lvov","status":"publish","type":"post","link":"https:\/\/archive.sana.sy\/es\/?p=303112","title":{"rendered":"Ataque ruso destruy\u00f3 la Academia Militar de Lvov"},"content":{"rendered":"<p style=\"text-align: justify;\"><strong><span style=\"color: #800000;\">Damasco, 07 jul (SANA)\u00a0<\/span><\/strong> Una fuente del Ministerio de Defensa dijo el jueves a RIA Novosti que las Fuerzas Armadas rusas atacaron un grupo de equipos militares en la Academia Militar en Lvov, donde hab\u00eda, adem\u00e1s, unos 800 militares y mercenarios ucranianos.<\/p>\n<p style=\"text-align: justify;\">Seg\u00fan la informaci\u00f3n, \u201cel objetivo del ataque fue equipo militar occidental y los militantes estacionados en el territorio de la academia\u201d. Hab\u00eda veh\u00edculos blindados de fabricaci\u00f3n occidental y, con un alto grado de probabilidad, los tanques Challenger brit\u00e1nicos se encontraban entre el equipo.<\/p>\n<p style=\"text-align: justify;\">Se asest\u00f3 un golpe en los cuarteles donde estaban estacionados el personal militar ucraniano y los mercenarios extranjeros. Esto fue confirmado por el Ministerio de Defensa, y agreg\u00f3 que tambi\u00e9n fueron atacados puntos de despliegue temporal del personal de las Fuerzas Armadas de Ucrania y lugares de almacenamiento de veh\u00edculos blindados.<\/p>\n<p style=\"text-align: justify;\">\u201cTodos los objetivos asignados fueron alcanzados. Se infligieron da\u00f1os significativos a las reservas estrat\u00e9gicas del enemigo\u201d, dijo el ministerio.<\/p>\n<p style=\"text-align: justify;\">Anteriormente, el ministro de Defensa, Serguei Shoigu, dijo que durante el mes de la contraofensiva, las Fuerzas Armadas de Ucrania perdieron 18 aviones y helic\u00f3pteros y 920 veh\u00edculos blindados, incluidos 16 tanques Leopard suministrados por Polonia y Portugal, lo que representa casi el 100 % del total.<\/p>\n<p style=\"text-align: justify;\">Al mismo tiempo, el ej\u00e9rcito ruso tambi\u00e9n est\u00e1 destruyendo otros veh\u00edculos blindados occidentales, incluidos los veh\u00edculos de combate de infanter\u00eda Bradley suministrados por EEUU. Al menos 17 Bradley, o m\u00e1s del 15% del total prometido a Kiev en marzo, han sido destruidos desde el inicio de la contraofensiva ucraniana, seg\u00fan afirm\u00f3 The New York Times el 26 de junio. Este hecho se confirma indirectamente por el anuncio del 27 junio de una entrega de emergencia de 30 veh\u00edculos m\u00e1s desde EEUU para reponer la flota.<\/p>\n<p style=\"text-align: justify;\"><span style=\"color: #000000;\"><strong>Fuente: Avia Pro + Al-Manar en Espa\u00f1ol<\/strong><\/span><\/p>\n","protected":false},"excerpt":{"rendered":"<p>Damasco, 07 jul (SANA)\u00a0 Una fuente del Ministerio de Defensa dijo el jueves a RIA Novosti que las Fuerzas Armadas rusas atacaron un grupo de equipos militares en la Academia Militar en Lvov, donde hab\u00eda, adem\u00e1s, unos 800 militares y mercenarios ucranianos. Seg\u00fan la informaci\u00f3n, \u201cel objetivo del ataque fue equipo militar occidental y los &hellip;<\/p>\n","protected":false},"author":31,"featured_media":303114,"comment_status":"closed","ping_status":"closed","sticky":false,"template":"","format":"standard","meta":{"footnotes":""},"categories":[597,456,16687,7541],"tags":[],"class_list":["post-303112","post","type-post","status-publish","format-standard","has-post-thumbnail","","category-cinta-de-noticias","category-arabe-internacional-politica","category-internacionales","category-ultimas-noticias"],"_links":{"self":[{"href":"https:\/\/archive.sana.sy\/es\/index.php?rest_route=\/wp\/v2\/posts\/303112"}],"collection":[{"href":"https:\/\/archive.sana.sy\/es\/index.php?rest_route=\/wp\/v2\/posts"}],"about":[{"href":"https:\/\/archive.sana.sy\/es\/index.php?rest_route=\/wp\/v2\/types\/post"}],"author":[{"embeddable":true,"href":"https:\/\/archive.sana.sy\/es\/index.php?rest_route=\/wp\/v2\/users\/31"}],"replies":[{"embeddable":true,"href":"https:\/\/archive.sana.sy\/es\/index.php?rest_route=%2Fwp%2Fv2%2Fcomments&post=303112"}],"version-history":[{"count":2,"href":"https:\/\/archive.sana.sy\/es\/index.php?rest_route=\/wp\/v2\/posts\/303112\/revisions"}],"predecessor-version":[{"id":303120,"href":"https:\/\/archive.sana.sy\/es\/index.php?rest_route=\/wp\/v2\/posts\/303112\/revisions\/303120"}],"wp:featuredmedia":[{"embeddable":true,"href":"https:\/\/archive.sana.sy\/es\/index.php?rest_route=\/wp\/v2\/media\/303114"}],"wp:attachment":[{"href":"https:\/\/archive.sana.sy\/es\/index.php?rest_route=%2Fwp%2Fv2%2Fmedia&parent=303112"}],"wp:term":[{"taxonomy":"category","embeddable":true,"href":"https:\/\/archive.sana.sy\/es\/index.php?rest_route=%2Fwp%2Fv2%2Fcategories&post=303112"},{"taxonomy":"post_tag","embeddable":true,"href":"https:\/\/archive.sana.sy\/es\/index.php?rest_route=%2Fwp%2Fv2%2Ftags&post=303112"}],"curies":[{"name":"wp","href":"https:\/\/api.w.org\/{rel}","templated":true}]}}