{"id":303235,"date":"2023-07-09T15:36:42","date_gmt":"2023-07-09T12:36:42","guid":{"rendered":"https:\/\/sana.sy\/es\/?p=303235"},"modified":"2023-07-09T15:36:42","modified_gmt":"2023-07-09T12:36:42","slug":"kiev-admite-autoria-del-atentado-al-puente-de-crimea","status":"publish","type":"post","link":"https:\/\/archive.sana.sy\/es\/?p=303235","title":{"rendered":"Kiev admite autor\u00eda del atentado al puente de Crimea"},"content":{"rendered":"<blockquote>\n<p style=\"text-align: justify;\"><span style=\"color: #993300;\">Son 273 d\u00edas desde el primer ataque al puente de Crimea para interrumpir la log\u00edstica de los rusos, escribi\u00f3 en su canal de Telegram la vicetitular, para resumir 500 d\u00edas de operaci\u00f3n militar especial rusa en el este de Ucrania.<\/span><\/p>\n<\/blockquote>\n<p style=\"text-align: justify;\"><span style=\"color: #800000;\"><strong>Mosc\u00fa, 9 jul (SANA)<\/strong><\/span> La viceministra de Defensa Ucrania, Anna Maliar, reconoci\u00f3 la autor\u00eda de su pa\u00eds del ataque en octubre pasado contra el puente de Kerch que conecta Crimea con la regi\u00f3n continental de Rusia.<\/p>\n<p style=\"text-align: justify;\">Son 273 d\u00edas desde el primer ataque al puente de Crimea para interrumpir la log\u00edstica de los rusos, escribi\u00f3 en su canal de Telegram la vicetitular, para resumir 500 d\u00edas de operaci\u00f3n militar especial rusa en el este de Ucrania.<\/p>\n<p style=\"text-align: justify;\">El 8 de octubre de 2022, un cami\u00f3n explot\u00f3 en el puente de Crimea. En el incidente murieron cuatro personas y se incendiaron los vagones cisterna de un tren de carga que se encontraba cerca.<\/p>\n<p style=\"text-align: justify;\">fm\/as<\/p>\n","protected":false},"excerpt":{"rendered":"<p>Son 273 d\u00edas desde el primer ataque al puente de Crimea para interrumpir la log\u00edstica de los rusos, escribi\u00f3 en su canal de Telegram la vicetitular, para resumir 500 d\u00edas de operaci\u00f3n militar especial rusa en el este de Ucrania. Mosc\u00fa, 9 jul (SANA) La viceministra de Defensa Ucrania, Anna Maliar, reconoci\u00f3 la autor\u00eda de &hellip;<\/p>\n","protected":false},"author":42,"featured_media":303236,"comment_status":"closed","ping_status":"closed","sticky":false,"template":"","format":"standard","meta":{"footnotes":""},"categories":[597,456,16687,20724,7541],"tags":[],"class_list":["post-303235","post","type-post","status-publish","format-standard","has-post-thumbnail","","category-cinta-de-noticias","category-arabe-internacional-politica","category-internacionales","category-minuto-a-minuto","category-ultimas-noticias"],"_links":{"self":[{"href":"https:\/\/archive.sana.sy\/es\/index.php?rest_route=\/wp\/v2\/posts\/303235"}],"collection":[{"href":"https:\/\/archive.sana.sy\/es\/index.php?rest_route=\/wp\/v2\/posts"}],"about":[{"href":"https:\/\/archive.sana.sy\/es\/index.php?rest_route=\/wp\/v2\/types\/post"}],"author":[{"embeddable":true,"href":"https:\/\/archive.sana.sy\/es\/index.php?rest_route=\/wp\/v2\/users\/42"}],"replies":[{"embeddable":true,"href":"https:\/\/archive.sana.sy\/es\/index.php?rest_route=%2Fwp%2Fv2%2Fcomments&post=303235"}],"version-history":[{"count":1,"href":"https:\/\/archive.sana.sy\/es\/index.php?rest_route=\/wp\/v2\/posts\/303235\/revisions"}],"predecessor-version":[{"id":303237,"href":"https:\/\/archive.sana.sy\/es\/index.php?rest_route=\/wp\/v2\/posts\/303235\/revisions\/303237"}],"wp:featuredmedia":[{"embeddable":true,"href":"https:\/\/archive.sana.sy\/es\/index.php?rest_route=\/wp\/v2\/media\/303236"}],"wp:attachment":[{"href":"https:\/\/archive.sana.sy\/es\/index.php?rest_route=%2Fwp%2Fv2%2Fmedia&parent=303235"}],"wp:term":[{"taxonomy":"category","embeddable":true,"href":"https:\/\/archive.sana.sy\/es\/index.php?rest_route=%2Fwp%2Fv2%2Fcategories&post=303235"},{"taxonomy":"post_tag","embeddable":true,"href":"https:\/\/archive.sana.sy\/es\/index.php?rest_route=%2Fwp%2Fv2%2Ftags&post=303235"}],"curies":[{"name":"wp","href":"https:\/\/api.w.org\/{rel}","templated":true}]}}