{"id":303244,"date":"2023-07-09T16:58:09","date_gmt":"2023-07-09T13:58:09","guid":{"rendered":"https:\/\/sana.sy\/es\/?p=303244"},"modified":"2023-07-09T17:00:22","modified_gmt":"2023-07-09T14:00:22","slug":"colonos-israelies-queman-tierras-palestinas-en-naplusa-2","status":"publish","type":"post","link":"https:\/\/archive.sana.sy\/es\/?p=303244","title":{"rendered":"Colonos israel\u00edes queman tierras palestinas en Naplusa"},"content":{"rendered":"<blockquote>\n<p style=\"text-align: justify;\"><span style=\"color: #993300;\">Las autoridades locales palestinas exigieron intervenci\u00f3n urgente de la Comunidad Internacional para detener los ataques frecuentes de los colonos.<\/span><\/p>\n<\/blockquote>\n<p style=\"text-align: justify;\"><span style=\"color: #800000;\"><strong>Jerusal\u00e9n ocupada , 09 jul (SANA) <\/strong><\/span>Los colonos israel\u00edes quemaron varias hect\u00e1reas de tierras agr\u00edcolas palestinas en el pueblo de Al-Laban Al-Sharqiya, al sur de Naplusa, en Cisjordania.<\/p>\n<p style=\"text-align: justify;\">Seg\u00fan las autoridades locales palestinas, varios colonos prendieron fuego en tierras cultivadas con verduras y otras con olivos.<br \/>\nAgregaron que gracias a la ayuda de la defensa civil, se pudo controlar el fuego.<\/p>\n<p style=\"text-align: justify;\">Exigieron intervenci\u00f3n urgente de la Comunidad Internacional para detener los ataques frecuentes de los colonos.<\/p>\n<p style=\"text-align: justify;\">as\/fm<\/p>\n","protected":false},"excerpt":{"rendered":"<p>Las autoridades locales palestinas exigieron intervenci\u00f3n urgente de la Comunidad Internacional para detener los ataques frecuentes de los colonos. Jerusal\u00e9n ocupada , 09 jul (SANA) Los colonos israel\u00edes quemaron varias hect\u00e1reas de tierras agr\u00edcolas palestinas en el pueblo de Al-Laban Al-Sharqiya, al sur de Naplusa, en Cisjordania. Seg\u00fan las autoridades locales palestinas, varios colonos prendieron &hellip;<\/p>\n","protected":false},"author":42,"featured_media":303249,"comment_status":"closed","ping_status":"closed","sticky":false,"template":"","format":"standard","meta":{"footnotes":""},"categories":[597,456,16687,20724,7541],"tags":[],"class_list":["post-303244","post","type-post","status-publish","format-standard","has-post-thumbnail","","category-cinta-de-noticias","category-arabe-internacional-politica","category-internacionales","category-minuto-a-minuto","category-ultimas-noticias"],"_links":{"self":[{"href":"https:\/\/archive.sana.sy\/es\/index.php?rest_route=\/wp\/v2\/posts\/303244"}],"collection":[{"href":"https:\/\/archive.sana.sy\/es\/index.php?rest_route=\/wp\/v2\/posts"}],"about":[{"href":"https:\/\/archive.sana.sy\/es\/index.php?rest_route=\/wp\/v2\/types\/post"}],"author":[{"embeddable":true,"href":"https:\/\/archive.sana.sy\/es\/index.php?rest_route=\/wp\/v2\/users\/42"}],"replies":[{"embeddable":true,"href":"https:\/\/archive.sana.sy\/es\/index.php?rest_route=%2Fwp%2Fv2%2Fcomments&post=303244"}],"version-history":[{"count":2,"href":"https:\/\/archive.sana.sy\/es\/index.php?rest_route=\/wp\/v2\/posts\/303244\/revisions"}],"predecessor-version":[{"id":303250,"href":"https:\/\/archive.sana.sy\/es\/index.php?rest_route=\/wp\/v2\/posts\/303244\/revisions\/303250"}],"wp:featuredmedia":[{"embeddable":true,"href":"https:\/\/archive.sana.sy\/es\/index.php?rest_route=\/wp\/v2\/media\/303249"}],"wp:attachment":[{"href":"https:\/\/archive.sana.sy\/es\/index.php?rest_route=%2Fwp%2Fv2%2Fmedia&parent=303244"}],"wp:term":[{"taxonomy":"category","embeddable":true,"href":"https:\/\/archive.sana.sy\/es\/index.php?rest_route=%2Fwp%2Fv2%2Fcategories&post=303244"},{"taxonomy":"post_tag","embeddable":true,"href":"https:\/\/archive.sana.sy\/es\/index.php?rest_route=%2Fwp%2Fv2%2Ftags&post=303244"}],"curies":[{"name":"wp","href":"https:\/\/api.w.org\/{rel}","templated":true}]}}