{"id":303251,"date":"2023-07-09T17:49:03","date_gmt":"2023-07-09T14:49:03","guid":{"rendered":"https:\/\/sana.sy\/es\/?p=303251"},"modified":"2023-07-09T17:49:03","modified_gmt":"2023-07-09T14:49:03","slug":"eslovaquia-rechaza-el-despliegue-de-armas-nucleares-en-polonia","status":"publish","type":"post","link":"https:\/\/archive.sana.sy\/es\/?p=303251","title":{"rendered":"Eslovaquia rechaza el despliegue de armas nucleares en Polonia"},"content":{"rendered":"<p style=\"text-align: justify;\"><span style=\"color: #800000;\"><strong>Bratislava, 09 jul (SANA) <\/strong><\/span>El ministro de Defensa eslovaco, Martin Sklenar, anunci\u00f3 hoy el rechazo de su pa\u00eds al despliegue de armas nucleares en Europa Central, y subray\u00f3 que no hay justificaci\u00f3n para tal medida.<\/p>\n<p style=\"text-align: justify;\">&#8220;Actualmente no vemos ning\u00fan motivo para el despliegue de armas nucleares en la regi\u00f3n, y recomendamos preguntar a las autoridades polacas sobre el motivo de su demanda del desplegar estas armas en su territorio&#8221;, dijo Sklenar en una entrevista con RT.<\/p>\n<p style=\"text-align: justify;\">Anteriormente, el primer ministro polaco Mateusz Morawiecki, anunci\u00f3 que su pa\u00eds pretende desplegar armas nucleares estadounidenses en su territorio.<\/p>\n<p style=\"text-align: justify;\">as\/fm<\/p>\n","protected":false},"excerpt":{"rendered":"<p>Bratislava, 09 jul (SANA) El ministro de Defensa eslovaco, Martin Sklenar, anunci\u00f3 hoy el rechazo de su pa\u00eds al despliegue de armas nucleares en Europa Central, y subray\u00f3 que no hay justificaci\u00f3n para tal medida. &#8220;Actualmente no vemos ning\u00fan motivo para el despliegue de armas nucleares en la regi\u00f3n, y recomendamos preguntar a las autoridades &hellip;<\/p>\n","protected":false},"author":42,"featured_media":303252,"comment_status":"closed","ping_status":"closed","sticky":false,"template":"","format":"standard","meta":{"footnotes":""},"categories":[597,456,16687,20724,7541],"tags":[],"class_list":["post-303251","post","type-post","status-publish","format-standard","has-post-thumbnail","","category-cinta-de-noticias","category-arabe-internacional-politica","category-internacionales","category-minuto-a-minuto","category-ultimas-noticias"],"_links":{"self":[{"href":"https:\/\/archive.sana.sy\/es\/index.php?rest_route=\/wp\/v2\/posts\/303251"}],"collection":[{"href":"https:\/\/archive.sana.sy\/es\/index.php?rest_route=\/wp\/v2\/posts"}],"about":[{"href":"https:\/\/archive.sana.sy\/es\/index.php?rest_route=\/wp\/v2\/types\/post"}],"author":[{"embeddable":true,"href":"https:\/\/archive.sana.sy\/es\/index.php?rest_route=\/wp\/v2\/users\/42"}],"replies":[{"embeddable":true,"href":"https:\/\/archive.sana.sy\/es\/index.php?rest_route=%2Fwp%2Fv2%2Fcomments&post=303251"}],"version-history":[{"count":1,"href":"https:\/\/archive.sana.sy\/es\/index.php?rest_route=\/wp\/v2\/posts\/303251\/revisions"}],"predecessor-version":[{"id":303253,"href":"https:\/\/archive.sana.sy\/es\/index.php?rest_route=\/wp\/v2\/posts\/303251\/revisions\/303253"}],"wp:featuredmedia":[{"embeddable":true,"href":"https:\/\/archive.sana.sy\/es\/index.php?rest_route=\/wp\/v2\/media\/303252"}],"wp:attachment":[{"href":"https:\/\/archive.sana.sy\/es\/index.php?rest_route=%2Fwp%2Fv2%2Fmedia&parent=303251"}],"wp:term":[{"taxonomy":"category","embeddable":true,"href":"https:\/\/archive.sana.sy\/es\/index.php?rest_route=%2Fwp%2Fv2%2Fcategories&post=303251"},{"taxonomy":"post_tag","embeddable":true,"href":"https:\/\/archive.sana.sy\/es\/index.php?rest_route=%2Fwp%2Fv2%2Ftags&post=303251"}],"curies":[{"name":"wp","href":"https:\/\/api.w.org\/{rel}","templated":true}]}}