{"id":303277,"date":"2023-07-10T09:54:05","date_gmt":"2023-07-10T06:54:05","guid":{"rendered":"https:\/\/sana.sy\/es\/?p=303277"},"modified":"2023-07-10T09:54:32","modified_gmt":"2023-07-10T06:54:32","slug":"siria-participa-en-olimpiada-internacional-de-fisica-en-japon","status":"publish","type":"post","link":"https:\/\/archive.sana.sy\/es\/?p=303277","title":{"rendered":"Siria participa en Olimpiada Internacional de F\u00edsica en Jap\u00f3n"},"content":{"rendered":"<blockquote>\n<p style=\"text-align: justify;\"><span style=\"color: #800000;\">El Estamento de Excelencia e Innovaci\u00f3n de Siria se\u00f1al\u00f3 que el equipo de la Olimpiada Nacional de F\u00edsica que representa a Siria est\u00e1 compuesto por cuatro participantes provenientes de distintas ciudades del pa\u00eds.<\/span><\/p>\n<\/blockquote>\n<p style=\"text-align: justify;\"><span style=\"color: #800000;\"><strong>Damasco, 10 jul (SANA)<\/strong>\u00a0 \u00a0<\/span>J\u00f3venes sirios competir\u00e1n en la Olimpiada Internacional de F\u00edsica para el a\u00f1o 2023, que se desarrollar\u00e1 del 10 al 17 de Julio, en Jap\u00f3n.<\/p>\n<p style=\"text-align: justify;\">En esta competencia se re\u00fanen j\u00f3venes de m\u00e1s de 87 pa\u00edses de todo el mundo.<\/p>\n<p style=\"text-align: justify;\">El Estamento de Excelencia e Innovaci\u00f3n de Siria se\u00f1al\u00f3 que el equipo de la Olimpiada Nacional de F\u00edsica que representa a Siria est\u00e1 compuesto por cuatro participantes provenientes de distintas ciudades del pa\u00eds.<\/p>\n<p style=\"text-align: justify;\">El a\u00f1o pasado, el equipo sirio gan\u00f3 una medalla de bronce y cuatro certificados de reconocimiento.<\/p>\n<p style=\"text-align: justify;\"><strong>ws\/fm<\/strong><\/p>\n","protected":false},"excerpt":{"rendered":"<p>El Estamento de Excelencia e Innovaci\u00f3n de Siria se\u00f1al\u00f3 que el equipo de la Olimpiada Nacional de F\u00edsica que representa a Siria est\u00e1 compuesto por cuatro participantes provenientes de distintas ciudades del pa\u00eds. Damasco, 10 jul (SANA)\u00a0 \u00a0J\u00f3venes sirios competir\u00e1n en la Olimpiada Internacional de F\u00edsica para el a\u00f1o 2023, que se desarrollar\u00e1 del 10 &hellip;<\/p>\n","protected":false},"author":35,"featured_media":303279,"comment_status":"closed","ping_status":"closed","sticky":false,"template":"","format":"standard","meta":{"footnotes":""},"categories":[1],"tags":[],"class_list":["post-303277","post","type-post","status-publish","format-standard","has-post-thumbnail","","category-news-not-sorted"],"_links":{"self":[{"href":"https:\/\/archive.sana.sy\/es\/index.php?rest_route=\/wp\/v2\/posts\/303277"}],"collection":[{"href":"https:\/\/archive.sana.sy\/es\/index.php?rest_route=\/wp\/v2\/posts"}],"about":[{"href":"https:\/\/archive.sana.sy\/es\/index.php?rest_route=\/wp\/v2\/types\/post"}],"author":[{"embeddable":true,"href":"https:\/\/archive.sana.sy\/es\/index.php?rest_route=\/wp\/v2\/users\/35"}],"replies":[{"embeddable":true,"href":"https:\/\/archive.sana.sy\/es\/index.php?rest_route=%2Fwp%2Fv2%2Fcomments&post=303277"}],"version-history":[{"count":2,"href":"https:\/\/archive.sana.sy\/es\/index.php?rest_route=\/wp\/v2\/posts\/303277\/revisions"}],"predecessor-version":[{"id":303281,"href":"https:\/\/archive.sana.sy\/es\/index.php?rest_route=\/wp\/v2\/posts\/303277\/revisions\/303281"}],"wp:featuredmedia":[{"embeddable":true,"href":"https:\/\/archive.sana.sy\/es\/index.php?rest_route=\/wp\/v2\/media\/303279"}],"wp:attachment":[{"href":"https:\/\/archive.sana.sy\/es\/index.php?rest_route=%2Fwp%2Fv2%2Fmedia&parent=303277"}],"wp:term":[{"taxonomy":"category","embeddable":true,"href":"https:\/\/archive.sana.sy\/es\/index.php?rest_route=%2Fwp%2Fv2%2Fcategories&post=303277"},{"taxonomy":"post_tag","embeddable":true,"href":"https:\/\/archive.sana.sy\/es\/index.php?rest_route=%2Fwp%2Fv2%2Ftags&post=303277"}],"curies":[{"name":"wp","href":"https:\/\/api.w.org\/{rel}","templated":true}]}}