{"id":303385,"date":"2023-07-11T09:39:45","date_gmt":"2023-07-11T06:39:45","guid":{"rendered":"http:\/\/sana.sy\/es\/?p=303385"},"modified":"2023-07-11T09:40:10","modified_gmt":"2023-07-11T06:40:10","slug":"cuba-tacha-de-manipuladora-a-conducta-de-la-ue-respecto-a-la-cumbre-celac-ue","status":"publish","type":"post","link":"https:\/\/archive.sana.sy\/es\/?p=303385","title":{"rendered":"Cuba tacha de manipuladora a conducta de la UE respecto a la cumbre Celac-UE"},"content":{"rendered":"<blockquote>\n<p style=\"text-align: justify;\"><span style=\"color: #993300;\">&#8220;La regi\u00f3n ha cambiado y que la Celac es la voz s\u00f3lida y unitaria de la Am\u00e9rica Latina y el Caribe, y que por lo tanto, debe ser respetada&#8221;, asegur\u00f3 el Canciller en un video difundido en su perfil de Twitter.<\/span><\/p>\n<\/blockquote>\n<p style=\"text-align: justify;\"><span style=\"color: #800000;\"><strong>La Habana, 11 jul (SANA)<\/strong> <\/span>El ministro de Relaciones Exteriores de Cuba, Bruno Rodr\u00edguez, denunci\u00f3 la falta de transparencia y la conducta manipuladora de la Uni\u00f3n Europea que amenazan el \u00e9xito de la cumbre entre el bloque europeo y la Comunidad de Estados Latinoamericanos y Caribe\u00f1os (Celac), que se celebrar\u00e1 el 17 y 18 de julio en Bruselas, B\u00e9lgica.<\/p>\n<p style=\"text-align: justify;\">&#8220;Se intenta imponer formatos restrictivos, divisivos, que imposibilitar\u00edan discusiones directas y transparentes, y se pretende ocultar a la prensa y a la opini\u00f3n p\u00fablica el contenido de los debates&#8221;, asegur\u00f3 el Canciller en un video difundido en su perfil de Twitter.<\/p>\n<p style=\"text-align: justify;\">De acuerdo con el diplom\u00e1tico, el bloque europeo organiz\u00f3 de forma unilateral, foros paralelos a la cumbre, con representantes latinoamericanos y caribe\u00f1os electos al margen de la Celac.<\/p>\n<p style=\"text-align: justify;\">En su intervenci\u00f3n, Rodr\u00edguez recalc\u00f3 que la regi\u00f3n &#8220;ha cambiado&#8221; y que la Celac &#8220;es la voz s\u00f3lida y unitaria de la Am\u00e9rica Latina y el Caribe&#8221;, y que por lo tanto, &#8220;debe ser respetada&#8221;.<\/p>\n<p style=\"text-align: justify;\">En la misma l\u00ednea advirti\u00f3 que no tendr\u00edan &#8220;ninguna posibilidad de \u00e9xito en Bruselas aquellos que intenten imponer una visi\u00f3n sesgada y europe\u00edsta en la relaci\u00f3n birregional&#8221;, que deja de lado &#8220;las prioridades e intereses&#8221; latinoamericanos y caribe\u00f1os.<\/p>\n<p style=\"text-align: justify;\">El jefe de la diplomacia cubana apunt\u00f3 que la delegaci\u00f3n de la naci\u00f3n antillana concurrir\u00e1 a la cumbre de Bruselas &#8220;con esp\u00edritu constructivo&#8221; y pondr\u00e1 sus mejores esfuerzos para &#8220;fortalecer, sobre bases de igualdad y respeto mutuo&#8221;, los intercambios entre los dos bloques.<\/p>\n<p style=\"text-align: justify;\">fm\/as<\/p>\n","protected":false},"excerpt":{"rendered":"<p>&#8220;La regi\u00f3n ha cambiado y que la Celac es la voz s\u00f3lida y unitaria de la Am\u00e9rica Latina y el Caribe, y que por lo tanto, debe ser respetada&#8221;, asegur\u00f3 el Canciller en un video difundido en su perfil de Twitter. La Habana, 11 jul (SANA) El ministro de Relaciones Exteriores de Cuba, Bruno Rodr\u00edguez, &hellip;<\/p>\n","protected":false},"author":42,"featured_media":303386,"comment_status":"closed","ping_status":"closed","sticky":false,"template":"","format":"standard","meta":{"footnotes":""},"categories":[597,456,16687,20724,7541],"tags":[],"class_list":["post-303385","post","type-post","status-publish","format-standard","has-post-thumbnail","","category-cinta-de-noticias","category-arabe-internacional-politica","category-internacionales","category-minuto-a-minuto","category-ultimas-noticias"],"_links":{"self":[{"href":"https:\/\/archive.sana.sy\/es\/index.php?rest_route=\/wp\/v2\/posts\/303385"}],"collection":[{"href":"https:\/\/archive.sana.sy\/es\/index.php?rest_route=\/wp\/v2\/posts"}],"about":[{"href":"https:\/\/archive.sana.sy\/es\/index.php?rest_route=\/wp\/v2\/types\/post"}],"author":[{"embeddable":true,"href":"https:\/\/archive.sana.sy\/es\/index.php?rest_route=\/wp\/v2\/users\/42"}],"replies":[{"embeddable":true,"href":"https:\/\/archive.sana.sy\/es\/index.php?rest_route=%2Fwp%2Fv2%2Fcomments&post=303385"}],"version-history":[{"count":1,"href":"https:\/\/archive.sana.sy\/es\/index.php?rest_route=\/wp\/v2\/posts\/303385\/revisions"}],"predecessor-version":[{"id":303387,"href":"https:\/\/archive.sana.sy\/es\/index.php?rest_route=\/wp\/v2\/posts\/303385\/revisions\/303387"}],"wp:featuredmedia":[{"embeddable":true,"href":"https:\/\/archive.sana.sy\/es\/index.php?rest_route=\/wp\/v2\/media\/303386"}],"wp:attachment":[{"href":"https:\/\/archive.sana.sy\/es\/index.php?rest_route=%2Fwp%2Fv2%2Fmedia&parent=303385"}],"wp:term":[{"taxonomy":"category","embeddable":true,"href":"https:\/\/archive.sana.sy\/es\/index.php?rest_route=%2Fwp%2Fv2%2Fcategories&post=303385"},{"taxonomy":"post_tag","embeddable":true,"href":"https:\/\/archive.sana.sy\/es\/index.php?rest_route=%2Fwp%2Fv2%2Ftags&post=303385"}],"curies":[{"name":"wp","href":"https:\/\/api.w.org\/{rel}","templated":true}]}}