{"id":303408,"date":"2023-07-11T12:24:05","date_gmt":"2023-07-11T09:24:05","guid":{"rendered":"http:\/\/sana.sy\/es\/?p=303408"},"modified":"2023-07-11T12:24:05","modified_gmt":"2023-07-11T09:24:05","slug":"occidente-y-rusia-van-hacia-una-confrontacion","status":"publish","type":"post","link":"https:\/\/archive.sana.sy\/es\/?p=303408","title":{"rendered":"&#8220;Occidente y Rusia van hacia una confrontaci\u00f3n&#8221;"},"content":{"rendered":"<blockquote>\n<p style=\"text-align: justify;\"><span style=\"color: #993300;\">&#8220;En v\u00edsperas de la cumbre de la OTAN, las autoridades estadounidenses est\u00e1n preparando el terreno para que la opini\u00f3n p\u00fablica acepte cualquier decisi\u00f3n que se tomar\u00e1 contra Rusia durante los pr\u00f3ximos d\u00edas\u201d, dijo el embajador ruso en Washington, Anat\u00f3li Ant\u00f3nov.<\/span><\/p>\n<\/blockquote>\n<p style=\"text-align: justify;\"><span style=\"color: #800000;\"><strong>Washington, 11 jul (SANA)<\/strong> <\/span>El embajador ruso en Washington, Anat\u00f3li Ant\u00f3nov, dijo hoy que las relaciones entre su pa\u00eds y Occidente se encaminan hacia un escenario m\u00e1s negativo, que es el enfrentamiento entre Mosc\u00fa y la OTAN.<\/p>\n<p style=\"text-align: justify;\">&#8220;En v\u00edsperas de la cumbre de la OTAN, las autoridades estadounidenses est\u00e1n preparando el terreno para que la opini\u00f3n p\u00fablica acepte cualquier decisi\u00f3n que se tomar\u00e1 contra Rusia durante los pr\u00f3ximos d\u00edas\u201d, dijo el diplom\u00e1tico citado por RT.<\/p>\n<p style=\"text-align: justify;\">Agreg\u00f3 que la situaci\u00f3n sigue desliz\u00e1ndose hacia la confrontaci\u00f3n entre Rusia y los pa\u00edses de la OTAN, y las acciones tomadas por los occidentales crean obst\u00e1culos insuperables para salir de la m\u00e1s aguda crisis pol\u00edtica y militar, que tendr\u00eda las peores consecuencias para la seguridad internacional.<\/p>\n<p style=\"text-align: justify;\">as\/fm<\/p>\n","protected":false},"excerpt":{"rendered":"<p>&#8220;En v\u00edsperas de la cumbre de la OTAN, las autoridades estadounidenses est\u00e1n preparando el terreno para que la opini\u00f3n p\u00fablica acepte cualquier decisi\u00f3n que se tomar\u00e1 contra Rusia durante los pr\u00f3ximos d\u00edas\u201d, dijo el embajador ruso en Washington, Anat\u00f3li Ant\u00f3nov. Washington, 11 jul (SANA) El embajador ruso en Washington, Anat\u00f3li Ant\u00f3nov, dijo hoy que las &hellip;<\/p>\n","protected":false},"author":42,"featured_media":303409,"comment_status":"closed","ping_status":"closed","sticky":false,"template":"","format":"standard","meta":{"footnotes":""},"categories":[597,456,16687,20724,7541],"tags":[],"class_list":["post-303408","post","type-post","status-publish","format-standard","has-post-thumbnail","","category-cinta-de-noticias","category-arabe-internacional-politica","category-internacionales","category-minuto-a-minuto","category-ultimas-noticias"],"_links":{"self":[{"href":"https:\/\/archive.sana.sy\/es\/index.php?rest_route=\/wp\/v2\/posts\/303408"}],"collection":[{"href":"https:\/\/archive.sana.sy\/es\/index.php?rest_route=\/wp\/v2\/posts"}],"about":[{"href":"https:\/\/archive.sana.sy\/es\/index.php?rest_route=\/wp\/v2\/types\/post"}],"author":[{"embeddable":true,"href":"https:\/\/archive.sana.sy\/es\/index.php?rest_route=\/wp\/v2\/users\/42"}],"replies":[{"embeddable":true,"href":"https:\/\/archive.sana.sy\/es\/index.php?rest_route=%2Fwp%2Fv2%2Fcomments&post=303408"}],"version-history":[{"count":1,"href":"https:\/\/archive.sana.sy\/es\/index.php?rest_route=\/wp\/v2\/posts\/303408\/revisions"}],"predecessor-version":[{"id":303410,"href":"https:\/\/archive.sana.sy\/es\/index.php?rest_route=\/wp\/v2\/posts\/303408\/revisions\/303410"}],"wp:featuredmedia":[{"embeddable":true,"href":"https:\/\/archive.sana.sy\/es\/index.php?rest_route=\/wp\/v2\/media\/303409"}],"wp:attachment":[{"href":"https:\/\/archive.sana.sy\/es\/index.php?rest_route=%2Fwp%2Fv2%2Fmedia&parent=303408"}],"wp:term":[{"taxonomy":"category","embeddable":true,"href":"https:\/\/archive.sana.sy\/es\/index.php?rest_route=%2Fwp%2Fv2%2Fcategories&post=303408"},{"taxonomy":"post_tag","embeddable":true,"href":"https:\/\/archive.sana.sy\/es\/index.php?rest_route=%2Fwp%2Fv2%2Ftags&post=303408"}],"curies":[{"name":"wp","href":"https:\/\/api.w.org\/{rel}","templated":true}]}}