{"id":303413,"date":"2023-07-11T12:51:14","date_gmt":"2023-07-11T09:51:14","guid":{"rendered":"http:\/\/sana.sy\/es\/?p=303413"},"modified":"2023-07-11T12:51:14","modified_gmt":"2023-07-11T09:51:14","slug":"canciller-indio-nueva-delhi-aspira-a-relaciones-solidas-con-siria","status":"publish","type":"post","link":"https:\/\/archive.sana.sy\/es\/?p=303413","title":{"rendered":"Canciller indio: Nueva Delhi aspira a relaciones s\u00f3lidas con Siria"},"content":{"rendered":"<blockquote>\n<p style=\"text-align: justify;\"><span style=\"color: #993300;\">El jefe de la diplomacia india revel\u00f3 su intenci\u00f3n de realizar una visita oficial a Siria en el mes en curso, y que se reunir\u00e1 con varios funcionarios sirios para abordar v\u00edas de reforzar las relaciones bilaterales entre los dos pa\u00edses.<\/span><\/p>\n<\/blockquote>\n<p style=\"text-align: justify;\"><span style=\"color: #800000;\"><strong>Nueva Delhi, 11 jul (SANA)\u00a0<\/strong><\/span> \u00a0El ministro de Estado para Asuntos Exteriores de la India, Vellamvelly Muraleedharan, anunci\u00f3 que su pa\u00eds aspira a establecer relaciones s\u00f3lidas con Siria y fortalecer la cooperaci\u00f3n bilateral entre los dos pa\u00edses.<\/p>\n<p style=\"text-align: justify;\">\u201cNueva Delhi tiene la voluntad de impulsar las relaciones con el mundo \u00e1rabe en general y con Siria en particular, debido a los lazos hist\u00f3ricos que unen a las dos partes\u201d, dijo Muraleedharan en una declaraci\u00f3n a SANA.<\/p>\n<p style=\"text-align: justify;\">El jefe de la diplomacia india revel\u00f3 su intenci\u00f3n de realizar una visita oficial a Siria en el mes en curso, y que se reunir\u00e1 con varios funcionarios sirios para abordar v\u00edas de reforzar las relaciones bilaterales entre los dos pa\u00edses.<\/p>\n<p style=\"text-align: justify;\">ed\/fm<\/p>\n","protected":false},"excerpt":{"rendered":"<p>El jefe de la diplomacia india revel\u00f3 su intenci\u00f3n de realizar una visita oficial a Siria en el mes en curso, y que se reunir\u00e1 con varios funcionarios sirios para abordar v\u00edas de reforzar las relaciones bilaterales entre los dos pa\u00edses. Nueva Delhi, 11 jul (SANA)\u00a0 \u00a0El ministro de Estado para Asuntos Exteriores de la &hellip;<\/p>\n","protected":false},"author":32,"featured_media":303414,"comment_status":"closed","ping_status":"closed","sticky":false,"template":"","format":"standard","meta":{"footnotes":""},"categories":[597,20724,467,7541],"tags":[],"class_list":["post-303413","post","type-post","status-publish","format-standard","has-post-thumbnail","","category-cinta-de-noticias","category-minuto-a-minuto","category-siria-y-el-mundo","category-ultimas-noticias"],"_links":{"self":[{"href":"https:\/\/archive.sana.sy\/es\/index.php?rest_route=\/wp\/v2\/posts\/303413"}],"collection":[{"href":"https:\/\/archive.sana.sy\/es\/index.php?rest_route=\/wp\/v2\/posts"}],"about":[{"href":"https:\/\/archive.sana.sy\/es\/index.php?rest_route=\/wp\/v2\/types\/post"}],"author":[{"embeddable":true,"href":"https:\/\/archive.sana.sy\/es\/index.php?rest_route=\/wp\/v2\/users\/32"}],"replies":[{"embeddable":true,"href":"https:\/\/archive.sana.sy\/es\/index.php?rest_route=%2Fwp%2Fv2%2Fcomments&post=303413"}],"version-history":[{"count":1,"href":"https:\/\/archive.sana.sy\/es\/index.php?rest_route=\/wp\/v2\/posts\/303413\/revisions"}],"predecessor-version":[{"id":303415,"href":"https:\/\/archive.sana.sy\/es\/index.php?rest_route=\/wp\/v2\/posts\/303413\/revisions\/303415"}],"wp:featuredmedia":[{"embeddable":true,"href":"https:\/\/archive.sana.sy\/es\/index.php?rest_route=\/wp\/v2\/media\/303414"}],"wp:attachment":[{"href":"https:\/\/archive.sana.sy\/es\/index.php?rest_route=%2Fwp%2Fv2%2Fmedia&parent=303413"}],"wp:term":[{"taxonomy":"category","embeddable":true,"href":"https:\/\/archive.sana.sy\/es\/index.php?rest_route=%2Fwp%2Fv2%2Fcategories&post=303413"},{"taxonomy":"post_tag","embeddable":true,"href":"https:\/\/archive.sana.sy\/es\/index.php?rest_route=%2Fwp%2Fv2%2Ftags&post=303413"}],"curies":[{"name":"wp","href":"https:\/\/api.w.org\/{rel}","templated":true}]}}