{"id":303419,"date":"2023-07-11T13:17:50","date_gmt":"2023-07-11T10:17:50","guid":{"rendered":"http:\/\/sana.sy\/es\/?p=303419"},"modified":"2023-07-11T15:40:37","modified_gmt":"2023-07-11T12:40:37","slug":"atentado-con-bomba-mata-a-un-militar-en-el-sur-de-siria","status":"publish","type":"post","link":"https:\/\/archive.sana.sy\/es\/?p=303419","title":{"rendered":"Atentado con bomba mata a un militar en el sur de Siria"},"content":{"rendered":"<blockquote>\n<p style=\"text-align: justify;\"><span style=\"color: #993300;\">La acci\u00f3n fue perpetrada con artefacto explosivo colocado por terroristas, y estall\u00f3 al paso de una patrulla de seguridad en la carretera que conecta a Damasco con Deraa.<\/span><\/p>\n<\/blockquote>\n<p style=\"text-align: justify;\"><span style=\"color: #800000;\"><strong>Deraa, 11 jul (SANA)<\/strong><\/span> La explosi\u00f3n de una bomba caus\u00f3 hoy la muerte de un militar en la provincia de Deraa, a unos 120 kil\u00f3metros al sur de la capital Damasco.<\/p>\n<p style=\"text-align: justify;\">El Comando de Polic\u00eda de Deraa declar\u00f3 a SANA que un soldado perdi\u00f3 la vida y dos polic\u00edas resultaron heridos.<\/p>\n<p style=\"text-align: justify;\">La acci\u00f3n fue perpetrada con artefacto explosivo colocado por terroristas, y estall\u00f3 al paso de una patrulla de seguridad en la carretera que conecta a Damasco con Deraa.<\/p>\n<p style=\"text-align: justify;\"><strong>Nota en desarrollo..<\/strong><\/p>\n<p style=\"text-align: justify;\">fm\/as<\/p>\n","protected":false},"excerpt":{"rendered":"<p>La acci\u00f3n fue perpetrada con artefacto explosivo colocado por terroristas, y estall\u00f3 al paso de una patrulla de seguridad en la carretera que conecta a Damasco con Deraa. Deraa, 11 jul (SANA) La explosi\u00f3n de una bomba caus\u00f3 hoy la muerte de un militar en la provincia de Deraa, a unos 120 kil\u00f3metros al sur &hellip;<\/p>\n","protected":false},"author":42,"featured_media":303433,"comment_status":"closed","ping_status":"closed","sticky":false,"template":"","format":"standard","meta":{"footnotes":""},"categories":[477,597,20724,476,583],"tags":[],"class_list":["post-303419","post","type-post","status-publish","format-standard","has-post-thumbnail","","category-noticias-edulcorantes","category-cinta-de-noticias","category-minuto-a-minuto","category-locales","category-slide"],"_links":{"self":[{"href":"https:\/\/archive.sana.sy\/es\/index.php?rest_route=\/wp\/v2\/posts\/303419"}],"collection":[{"href":"https:\/\/archive.sana.sy\/es\/index.php?rest_route=\/wp\/v2\/posts"}],"about":[{"href":"https:\/\/archive.sana.sy\/es\/index.php?rest_route=\/wp\/v2\/types\/post"}],"author":[{"embeddable":true,"href":"https:\/\/archive.sana.sy\/es\/index.php?rest_route=\/wp\/v2\/users\/42"}],"replies":[{"embeddable":true,"href":"https:\/\/archive.sana.sy\/es\/index.php?rest_route=%2Fwp%2Fv2%2Fcomments&post=303419"}],"version-history":[{"count":1,"href":"https:\/\/archive.sana.sy\/es\/index.php?rest_route=\/wp\/v2\/posts\/303419\/revisions"}],"predecessor-version":[{"id":303421,"href":"https:\/\/archive.sana.sy\/es\/index.php?rest_route=\/wp\/v2\/posts\/303419\/revisions\/303421"}],"wp:featuredmedia":[{"embeddable":true,"href":"https:\/\/archive.sana.sy\/es\/index.php?rest_route=\/wp\/v2\/media\/303433"}],"wp:attachment":[{"href":"https:\/\/archive.sana.sy\/es\/index.php?rest_route=%2Fwp%2Fv2%2Fmedia&parent=303419"}],"wp:term":[{"taxonomy":"category","embeddable":true,"href":"https:\/\/archive.sana.sy\/es\/index.php?rest_route=%2Fwp%2Fv2%2Fcategories&post=303419"},{"taxonomy":"post_tag","embeddable":true,"href":"https:\/\/archive.sana.sy\/es\/index.php?rest_route=%2Fwp%2Fv2%2Ftags&post=303419"}],"curies":[{"name":"wp","href":"https:\/\/api.w.org\/{rel}","templated":true}]}}