{"id":303440,"date":"2023-07-11T17:00:01","date_gmt":"2023-07-11T14:00:01","guid":{"rendered":"http:\/\/sana.sy\/es\/?p=303440"},"modified":"2023-07-11T17:53:49","modified_gmt":"2023-07-11T14:53:49","slug":"cuba-repudia-ingreso-de-un-submarino-nuclear-estadounidense-en-bahia-de-guantanamo","status":"publish","type":"post","link":"https:\/\/archive.sana.sy\/es\/?p=303440","title":{"rendered":"Cuba repudia ingreso de un submarino nuclear estadounidense en bah\u00eda de Guant\u00e1namo"},"content":{"rendered":"<blockquote>\n<p style=\"text-align: justify\"><span style=\"color: #993300\">Canciller\u00eda cubana tild\u00f3 esta acci\u00f3n de una \u201cuna escalada provocadora de los Estados Unidos, cuyos motivos pol\u00edticos o estrat\u00e9gicos se desconocen\u201d<\/span><\/p>\n<\/blockquote>\n<p style=\"text-align: justify\"><span style=\"color: #800000\"><strong>La Habana, 11 jul (SANA)<\/strong><\/span> El Ministerio de Relaciones Exteriores expres\u00f3 su rotundo rechazo al ingreso de un submarino de propulsi\u00f3n nuclear en la bah\u00eda de Guant\u00e1namo el 5 de este julio, el cual permaneci\u00f3 hasta el 8 en la base militar estadounidense ubicada all\u00ed.<\/p>\n<p style=\"text-align: justify\">La Canciller\u00eda cubana tild\u00f3 esta acci\u00f3n de una \u201cuna escalada provocadora de los Estados Unidos, cuyos motivos pol\u00edticos o estrat\u00e9gicos se desconocen\u201d.<\/p>\n<p style=\"text-align: justify\">Agreg\u00f3 que \u201cla base militar estadounidense ocupa ese territorio de 117 kil\u00f3metros cuadrados desde hace 121 a\u00f1os, en contra de la voluntad del pueblo cubano\u201d, explicando que la permanencia estadounidense all\u00ed \u201csolo responde al objetivo pol\u00edtico de tratar de ultrajar los derechos soberanos de Cuba\u201d.<\/p>\n<p style=\"text-align: justify\">\u201cLa presencia all\u00ed de un submarino nuclear en estos momentos obliga a cuestionar cu\u00e1l es la raz\u00f3n militar del hecho en esta regi\u00f3n pac\u00edfica del mundo, contra qu\u00e9 objetivo se dirige y qu\u00e9 prop\u00f3sito estrat\u00e9gico persigue\u201d, subray\u00f3 el comunicado.<\/p>\n<p style=\"text-align: justify\">Asever\u00f3 que los 33 pa\u00edses de la regi\u00f3n forman parte de las Declaraci\u00f3n de Am\u00e9rica Latina y el Caribe como Zona de Paz, firmada en La Habana en enero de 2014.<\/p>\n<p style=\"text-align: justify\">Asimismo denunci\u00f3 que Washington ha establecido m\u00e1s de 70 bases militares en la regi\u00f3n, lo que constituye \u201cuna amenaza para la soberan\u00eda y los intereses de los pueblos latinoamericanos y caribe\u00f1os\u201d.<\/p>\n<p style=\"text-align: justify\">Fustig\u00f3 que los altos mandos militares de EEUU anunciaron recientemente la intenci\u00f3n de usar su poder b\u00e9lico para imponer las ambiciones estadounidenses sobre los recursos naturales de Am\u00e9rica Latina y el Caribe.<\/p>\n<p style=\"text-align: justify\">Concluyendo su comunicado, Canciller\u00eda cubana reiter\u00f3 su rechazo a la presencia militar estadounidense en Cuba, y su demanda de que se devuelva el territorio ilegalmente ocupado en la provincia de Guant\u00e1namo, advirtiendo sobre el peligro de la presencia de submarinos nucleares estadounidense en la cercana regi\u00f3n del Caribe.<\/p>\n<p style=\"text-align: justify\">la<\/p>\n","protected":false},"excerpt":{"rendered":"<p>Canciller\u00eda cubana tild\u00f3 esta acci\u00f3n de una \u201cuna escalada provocadora de los Estados Unidos, cuyos motivos pol\u00edticos o estrat\u00e9gicos se desconocen\u201d La Habana, 11 jul (SANA) El Ministerio de Relaciones Exteriores expres\u00f3 su rotundo rechazo al ingreso de un submarino de propulsi\u00f3n nuclear en la bah\u00eda de Guant\u00e1namo el 5 de este julio, el cual &hellip;<\/p>\n","protected":false},"author":24,"featured_media":303441,"comment_status":"closed","ping_status":"closed","sticky":false,"template":"","format":"standard","meta":{"footnotes":""},"categories":[597,456,16687,20724,7541],"tags":[6868,7132,21995,22256],"class_list":["post-303440","post","type-post","status-publish","format-standard","has-post-thumbnail","","category-cinta-de-noticias","category-arabe-internacional-politica","category-internacionales","category-minuto-a-minuto","category-ultimas-noticias","tag-cuba","tag-eeuu","tag-guantanamo","tag-submarino"],"_links":{"self":[{"href":"https:\/\/archive.sana.sy\/es\/index.php?rest_route=\/wp\/v2\/posts\/303440"}],"collection":[{"href":"https:\/\/archive.sana.sy\/es\/index.php?rest_route=\/wp\/v2\/posts"}],"about":[{"href":"https:\/\/archive.sana.sy\/es\/index.php?rest_route=\/wp\/v2\/types\/post"}],"author":[{"embeddable":true,"href":"https:\/\/archive.sana.sy\/es\/index.php?rest_route=\/wp\/v2\/users\/24"}],"replies":[{"embeddable":true,"href":"https:\/\/archive.sana.sy\/es\/index.php?rest_route=%2Fwp%2Fv2%2Fcomments&post=303440"}],"version-history":[{"count":4,"href":"https:\/\/archive.sana.sy\/es\/index.php?rest_route=\/wp\/v2\/posts\/303440\/revisions"}],"predecessor-version":[{"id":303445,"href":"https:\/\/archive.sana.sy\/es\/index.php?rest_route=\/wp\/v2\/posts\/303440\/revisions\/303445"}],"wp:featuredmedia":[{"embeddable":true,"href":"https:\/\/archive.sana.sy\/es\/index.php?rest_route=\/wp\/v2\/media\/303441"}],"wp:attachment":[{"href":"https:\/\/archive.sana.sy\/es\/index.php?rest_route=%2Fwp%2Fv2%2Fmedia&parent=303440"}],"wp:term":[{"taxonomy":"category","embeddable":true,"href":"https:\/\/archive.sana.sy\/es\/index.php?rest_route=%2Fwp%2Fv2%2Fcategories&post=303440"},{"taxonomy":"post_tag","embeddable":true,"href":"https:\/\/archive.sana.sy\/es\/index.php?rest_route=%2Fwp%2Fv2%2Ftags&post=303440"}],"curies":[{"name":"wp","href":"https:\/\/api.w.org\/{rel}","templated":true}]}}