{"id":303451,"date":"2023-07-11T16:58:04","date_gmt":"2023-07-11T13:58:04","guid":{"rendered":"http:\/\/sana.sy\/es\/?p=303451"},"modified":"2023-07-11T18:58:20","modified_gmt":"2023-07-11T15:58:20","slug":"siria-participa-en-6a-edicion-de-la-conferencia-de-la-asociacion-arabe-india","status":"publish","type":"post","link":"https:\/\/archive.sana.sy\/es\/?p=303451","title":{"rendered":"Siria participa en 6\u00aa edici\u00f3n de la Conferencia de la Asociaci\u00f3n \u00c1rabe-India"},"content":{"rendered":"<p style=\"text-align: justify;\"><span style=\"color: #800000;\"><strong>Nueva Delhi, 11 jul (SANA)<\/strong><\/span> Las actividades de la Sexta edici\u00f3n de la Conferencia de la Asociaci\u00f3n \u00c1rabe-India comenzaron hoy en la capital india, Nueva Delhi, en coordinaci\u00f3n con la Secretar\u00eda General de la Liga \u00c1rabe y la Federaci\u00f3n de C\u00e1maras de Comercio e Industria de la India, con la participaci\u00f3n de Siria y representantes de la mayor\u00eda de los Estados \u00e1rabes y las principales empresas indias que operan en estos pa\u00edses.<\/p>\n<p style=\"text-align: justify;\">El ministro de Estado de Relaciones Exteriores de la India, Velamveli Muralidharan, destac\u00f3 la importancia de las relaciones entre la India y el mundo \u00e1rabe, y manifest\u00f3 entusiasmo de su pa\u00eds por fortalecer los lazos de cooperaci\u00f3n y amistad con todos los pa\u00edses \u00e1rabes en inter\u00e9s de los pueblos de la regi\u00f3n.<\/p>\n<p style=\"text-align: justify;\">La delegaci\u00f3n siria, que incluye al jefe de la Autoridad de Planificaci\u00f3n y Cooperaci\u00f3n Internacional, Fadi Al-Khalil y otras personalidades sirias , se reuni\u00f3 con varios embajadores \u00e1rabes, el embajador de la Liga \u00c1rabe en India y empresas indias avanzadas que desean invertir en Siria.<\/p>\n<p style=\"text-align: justify;\">El funcionario sirio hizo un llamado a los representantes de las empresas indias para que visiten Siria y aprovechen las oportunidades de inversi\u00f3n disponibles all\u00ed.<\/p>\n<p style=\"text-align: justify;\">sm<\/p>\n","protected":false},"excerpt":{"rendered":"<p>Nueva Delhi, 11 jul (SANA) Las actividades de la Sexta edici\u00f3n de la Conferencia de la Asociaci\u00f3n \u00c1rabe-India comenzaron hoy en la capital india, Nueva Delhi, en coordinaci\u00f3n con la Secretar\u00eda General de la Liga \u00c1rabe y la Federaci\u00f3n de C\u00e1maras de Comercio e Industria de la India, con la participaci\u00f3n de Siria y representantes &hellip;<\/p>\n","protected":false},"author":39,"featured_media":303453,"comment_status":"closed","ping_status":"closed","sticky":false,"template":"","format":"standard","meta":{"footnotes":""},"categories":[477,597,16686,483,485,20724,467,7541],"tags":[],"class_list":["post-303451","post","type-post","status-publish","format-standard","has-post-thumbnail","","category-noticias-edulcorantes","category-cinta-de-noticias","category-economia","category-negocios-y-finanzas","category-informes-negocios-y-finanzas","category-minuto-a-minuto","category-siria-y-el-mundo","category-ultimas-noticias"],"_links":{"self":[{"href":"https:\/\/archive.sana.sy\/es\/index.php?rest_route=\/wp\/v2\/posts\/303451"}],"collection":[{"href":"https:\/\/archive.sana.sy\/es\/index.php?rest_route=\/wp\/v2\/posts"}],"about":[{"href":"https:\/\/archive.sana.sy\/es\/index.php?rest_route=\/wp\/v2\/types\/post"}],"author":[{"embeddable":true,"href":"https:\/\/archive.sana.sy\/es\/index.php?rest_route=\/wp\/v2\/users\/39"}],"replies":[{"embeddable":true,"href":"https:\/\/archive.sana.sy\/es\/index.php?rest_route=%2Fwp%2Fv2%2Fcomments&post=303451"}],"version-history":[{"count":1,"href":"https:\/\/archive.sana.sy\/es\/index.php?rest_route=\/wp\/v2\/posts\/303451\/revisions"}],"predecessor-version":[{"id":303454,"href":"https:\/\/archive.sana.sy\/es\/index.php?rest_route=\/wp\/v2\/posts\/303451\/revisions\/303454"}],"wp:featuredmedia":[{"embeddable":true,"href":"https:\/\/archive.sana.sy\/es\/index.php?rest_route=\/wp\/v2\/media\/303453"}],"wp:attachment":[{"href":"https:\/\/archive.sana.sy\/es\/index.php?rest_route=%2Fwp%2Fv2%2Fmedia&parent=303451"}],"wp:term":[{"taxonomy":"category","embeddable":true,"href":"https:\/\/archive.sana.sy\/es\/index.php?rest_route=%2Fwp%2Fv2%2Fcategories&post=303451"},{"taxonomy":"post_tag","embeddable":true,"href":"https:\/\/archive.sana.sy\/es\/index.php?rest_route=%2Fwp%2Fv2%2Ftags&post=303451"}],"curies":[{"name":"wp","href":"https:\/\/api.w.org\/{rel}","templated":true}]}}