{"id":30349,"date":"2015-09-22T18:14:37","date_gmt":"2015-09-22T15:14:37","guid":{"rendered":"http:\/\/sana.sy\/es\/?p=30349"},"modified":"2015-09-22T18:14:37","modified_gmt":"2015-09-22T15:14:37","slug":"gabinete-examina-varios-temas-de-interes-publico-y-preparativos-de-la-fiesta-de-al-adha","status":"publish","type":"post","link":"https:\/\/archive.sana.sy\/es\/?p=30349","title":{"rendered":"Gabinete examina varios temas de inter\u00e9s p\u00fablico y preparativos de la fiesta de al-Adha"},"content":{"rendered":"<p><span style=\"color: #800000\">Damasco, SANA<\/span><\/p>\n<p>La sesi\u00f3n del Gabinete de este martes se ha centrado en los preparativos llevados a cabo por los ministerios con motivo de la fiesta de al-Adha.<\/p>\n<p>En este contexto, el primer ministro, Dr. Wael al-Halqui felicit\u00f3 al pueblo sirio en nombre del Gobierno y del presidente Bashar al-Assad por esta fiesta, manifestando su confianza en que Siria cantar\u00e1 pronto victoria sobre los terroristas.<\/p>\n<p>Por otro lado, al-Halqui dio instructivos al Ministerio de Viviendas y Desarrollo Urban\u00edstico para satisfacer\u00a0las necesidades del proyecto de viviendas juveniles, sobre todo en la provincia de Tartous.<\/p>\n<p>A su vez, el ministro de Administraci\u00f3n Local, Omar Ghalawanyi hizo panor\u00e1mica sobre los esfuerzos desplegados para mejorar la prestaci\u00f3n\u00a0de los servicios en la ciudad septentrional de Alepo y la de Deir Ezzor.<\/p>\n<p>A nivel pol\u00edtico, el canciller, Walid al-Moalem resalt\u00f3\u00a0el cambio en el escenario internacional hacia la guerra terrorista librada contra el pa\u00eds, valorando altamente las posturas de los pa\u00edses amigos a favor de Siria.<\/p>\n<p>El Canciller sirio reiter\u00f3 que la lucha contra el terrorismo encabeza la lista de las prioridades del Gobierno, la cual allanar\u00e1 el camino hacia un arreglo pol\u00edtico alcanzado por los propios sirios.<\/p>\n<p>&nbsp;<\/p>\n<p>Lynn A.<\/p>\n","protected":false},"excerpt":{"rendered":"<p>Damasco, SANA La sesi\u00f3n del Gabinete de este martes se ha centrado en los preparativos llevados a cabo por los ministerios con motivo de la fiesta de al-Adha. En este contexto, el primer ministro, Dr. Wael al-Halqui felicit\u00f3 al pueblo sirio en nombre del Gobierno y del presidente Bashar al-Assad por esta fiesta, manifestando su &hellip;<\/p>\n","protected":false},"author":24,"featured_media":28537,"comment_status":"closed","ping_status":"closed","sticky":false,"template":"","format":"standard","meta":{"footnotes":""},"categories":[477,476],"tags":[],"class_list":["post-30349","post","type-post","status-publish","format-standard","has-post-thumbnail","","category-noticias-edulcorantes","category-locales"],"_links":{"self":[{"href":"https:\/\/archive.sana.sy\/es\/index.php?rest_route=\/wp\/v2\/posts\/30349"}],"collection":[{"href":"https:\/\/archive.sana.sy\/es\/index.php?rest_route=\/wp\/v2\/posts"}],"about":[{"href":"https:\/\/archive.sana.sy\/es\/index.php?rest_route=\/wp\/v2\/types\/post"}],"author":[{"embeddable":true,"href":"https:\/\/archive.sana.sy\/es\/index.php?rest_route=\/wp\/v2\/users\/24"}],"replies":[{"embeddable":true,"href":"https:\/\/archive.sana.sy\/es\/index.php?rest_route=%2Fwp%2Fv2%2Fcomments&post=30349"}],"version-history":[{"count":0,"href":"https:\/\/archive.sana.sy\/es\/index.php?rest_route=\/wp\/v2\/posts\/30349\/revisions"}],"wp:featuredmedia":[{"embeddable":true,"href":"https:\/\/archive.sana.sy\/es\/index.php?rest_route=\/wp\/v2\/media\/28537"}],"wp:attachment":[{"href":"https:\/\/archive.sana.sy\/es\/index.php?rest_route=%2Fwp%2Fv2%2Fmedia&parent=30349"}],"wp:term":[{"taxonomy":"category","embeddable":true,"href":"https:\/\/archive.sana.sy\/es\/index.php?rest_route=%2Fwp%2Fv2%2Fcategories&post=30349"},{"taxonomy":"post_tag","embeddable":true,"href":"https:\/\/archive.sana.sy\/es\/index.php?rest_route=%2Fwp%2Fv2%2Ftags&post=30349"}],"curies":[{"name":"wp","href":"https:\/\/api.w.org\/{rel}","templated":true}]}}