{"id":303500,"date":"2023-07-12T09:45:04","date_gmt":"2023-07-12T06:45:04","guid":{"rendered":"http:\/\/sana.sy\/es\/?p=303500"},"modified":"2023-07-12T10:02:58","modified_gmt":"2023-07-12T07:02:58","slug":"medvedev-se-aproxima-la-tercera-guerra-mundial-y-rusia-respondera-al-bombardeo-ucraniano-con-bombas-de-racimo","status":"publish","type":"post","link":"https:\/\/archive.sana.sy\/es\/?p=303500","title":{"rendered":"M\u00e9dvedev: Se aproxima la Tercera Guerra Mundial y Rusia responder\u00e1 al bombardeo ucraniano con bombas de racimo"},"content":{"rendered":"<p style=\"text-align: justify;\"><span style=\"color: #800000;\"><strong>Mosc\u00fa, 12 jul (SANA)\u00a0\u00a0<\/strong> <\/span>El vicepresidente del Consejo de Seguridad de Rusia, Dmitry M\u00e9dvedev, afirm\u00f3 que su pa\u00eds responder\u00e1 a los bombardeos realizados por Ucrania con bombas de racimo, y advirti\u00f3 que la Tercera Guerra Mundial se aproxima.<\/p>\n<p style=\"text-align: justify;\">En su cuenta en Telegram, M\u00e9dvedev escribi\u00f3 que \u201cla operaci\u00f3n militar especial en Donbas mantendr\u00e1 sus los mismos objetivos, el m\u00e1s importante es rechazar el empe\u00f1o de Kiev de unirse a la OTAN\u201d.<\/p>\n<p style=\"text-align: justify;\">Sobre el resultado de la cumbre de la OTAN, el ex presidente de Rusia expres\u00f3 especial inter\u00e9s en la decisi\u00f3n de invitar a Ucrania a unirse a la OTAN, aunque la fecha de su adhesi\u00f3n qued\u00f3 abierta y no se establecieron condiciones para ello.<\/p>\n<p style=\"text-align: justify;\">M\u00e9dvedev se pregunt\u00f3: &#8220;\u00bfQu\u00e9 significa todo esto para nosotros? Todo est\u00e1 claro. La operaci\u00f3n militar especial continuar\u00e1 con los mismos objetivos, y uno de esos objetivos es impedir que el grupo de los nazis de Kiev se una a la OTAN.<\/p>\n<p style=\"text-align: justify;\">fm\/ws<\/p>\n","protected":false},"excerpt":{"rendered":"<p>Mosc\u00fa, 12 jul (SANA)\u00a0\u00a0 El vicepresidente del Consejo de Seguridad de Rusia, Dmitry M\u00e9dvedev, afirm\u00f3 que su pa\u00eds responder\u00e1 a los bombardeos realizados por Ucrania con bombas de racimo, y advirti\u00f3 que la Tercera Guerra Mundial se aproxima. En su cuenta en Telegram, M\u00e9dvedev escribi\u00f3 que \u201cla operaci\u00f3n militar especial en Donbas mantendr\u00e1 sus los &hellip;<\/p>\n","protected":false},"author":35,"featured_media":303501,"comment_status":"closed","ping_status":"closed","sticky":false,"template":"","format":"standard","meta":{"footnotes":""},"categories":[597,456,16687,20724,7541],"tags":[],"class_list":["post-303500","post","type-post","status-publish","format-standard","has-post-thumbnail","","category-cinta-de-noticias","category-arabe-internacional-politica","category-internacionales","category-minuto-a-minuto","category-ultimas-noticias"],"_links":{"self":[{"href":"https:\/\/archive.sana.sy\/es\/index.php?rest_route=\/wp\/v2\/posts\/303500"}],"collection":[{"href":"https:\/\/archive.sana.sy\/es\/index.php?rest_route=\/wp\/v2\/posts"}],"about":[{"href":"https:\/\/archive.sana.sy\/es\/index.php?rest_route=\/wp\/v2\/types\/post"}],"author":[{"embeddable":true,"href":"https:\/\/archive.sana.sy\/es\/index.php?rest_route=\/wp\/v2\/users\/35"}],"replies":[{"embeddable":true,"href":"https:\/\/archive.sana.sy\/es\/index.php?rest_route=%2Fwp%2Fv2%2Fcomments&post=303500"}],"version-history":[{"count":2,"href":"https:\/\/archive.sana.sy\/es\/index.php?rest_route=\/wp\/v2\/posts\/303500\/revisions"}],"predecessor-version":[{"id":303503,"href":"https:\/\/archive.sana.sy\/es\/index.php?rest_route=\/wp\/v2\/posts\/303500\/revisions\/303503"}],"wp:featuredmedia":[{"embeddable":true,"href":"https:\/\/archive.sana.sy\/es\/index.php?rest_route=\/wp\/v2\/media\/303501"}],"wp:attachment":[{"href":"https:\/\/archive.sana.sy\/es\/index.php?rest_route=%2Fwp%2Fv2%2Fmedia&parent=303500"}],"wp:term":[{"taxonomy":"category","embeddable":true,"href":"https:\/\/archive.sana.sy\/es\/index.php?rest_route=%2Fwp%2Fv2%2Fcategories&post=303500"},{"taxonomy":"post_tag","embeddable":true,"href":"https:\/\/archive.sana.sy\/es\/index.php?rest_route=%2Fwp%2Fv2%2Ftags&post=303500"}],"curies":[{"name":"wp","href":"https:\/\/api.w.org\/{rel}","templated":true}]}}