{"id":303556,"date":"2023-07-12T16:34:49","date_gmt":"2023-07-12T13:34:49","guid":{"rendered":"http:\/\/sana.sy\/es\/?p=303556"},"modified":"2023-07-12T16:34:49","modified_gmt":"2023-07-12T13:34:49","slug":"las-fuerzas-rusas-repelen-con-exito-33-ofensivas-ucranianas-y-eliminan-a-725-militares-de-kiev","status":"publish","type":"post","link":"https:\/\/archive.sana.sy\/es\/?p=303556","title":{"rendered":"Las fuerzas rusas repelen con \u00e9xito 33 ofensivas ucranianas y eliminan a 725 militares de Kiev"},"content":{"rendered":"<blockquote>\n<p style=\"text-align: justify;\"><span style=\"color: #993300;\">Durante los combates fueron destruidos 11 veh\u00edculos de combate de infanter\u00eda, un tanque, 8 blindados de combate, dos veh\u00edculos blindados de transporte de personal, seis veh\u00edculos, dos piezas de artiller\u00eda autopropulsada Gvozdika, un ob\u00fas remolcado FH-70 de fabricaci\u00f3n brit\u00e1nica y dos obuses Msta-B y D-30.<\/span><\/p>\n<\/blockquote>\n<p style=\"text-align: justify;\"><span style=\"color: #800000;\"><strong>Mosc\u00fa, 12 jul (SANA)<\/strong><\/span> El Ministerio de Defensa de la Federaci\u00f3n Rusa inform\u00f3 hoy que en las direcciones de Donetsk, Sur-Donetsk y Krasno Lim\u00e1n, las Fuerzas Armadas de Rusia repelieron con \u00e9xito 33 ataques ucranianos.<\/p>\n<p style=\"text-align: justify;\">Durante los combates fueron neutralizados hasta 645 militares ucranianos, y destruidos 11 veh\u00edculos de combate de infanter\u00eda, un tanque, 8 blindados de combate, dos veh\u00edculos blindados de transporte de personal, seis veh\u00edculos, dos piezas de artiller\u00eda autopropulsada Gvozdika, un ob\u00fas remolcado FH-70 de fabricaci\u00f3n brit\u00e1nica y dos obuses Msta-B y D-30.<img loading=\"lazy\" decoding=\"async\" class=\"size-medium wp-image-303557 alignright\" src=\"http:\/\/sana.sy\/es\/wp-content\/uploads\/2023\/07\/photo_2023-07-12_16-26-55-300x169.jpg\" alt=\"\" width=\"300\" height=\"169\" srcset=\"https:\/\/archive.sana.sy\/es\/wp-content\/uploads\/2023\/07\/photo_2023-07-12_16-26-55-300x169.jpg 300w, https:\/\/archive.sana.sy\/es\/wp-content\/uploads\/2023\/07\/photo_2023-07-12_16-26-55-1024x575.jpg 1024w, https:\/\/archive.sana.sy\/es\/wp-content\/uploads\/2023\/07\/photo_2023-07-12_16-26-55-150x84.jpg 150w, https:\/\/archive.sana.sy\/es\/wp-content\/uploads\/2023\/07\/photo_2023-07-12_16-26-55-768x431.jpg 768w, https:\/\/archive.sana.sy\/es\/wp-content\/uploads\/2023\/07\/photo_2023-07-12_16-26-55.jpg 1280w\" sizes=\"(max-width: 300px) 100vw, 300px\" \/><\/p>\n<p style=\"text-align: justify;\">Adem\u00e1s, un dep\u00f3sito de municiones de la 33\u00aa Brigada Mecanizada de las Fuerzas Armadas de Ucrania fue destruido cerca del asentamiento de Malaya Tokmachka, regi\u00f3n de Zaporozhie.<\/p>\n<p style=\"text-align: justify;\">En la direcci\u00f3n de K\u00fapiansk, las unidades rusas con el apoyo de la aviaci\u00f3n t\u00e1ctica y la artiller\u00eda, repelieron con \u00e9xito tres ataques de las fuerzas de Kiev que sufrieron 40 bajas entre sus filas y perdieron a dos tanques, un veh\u00edculo de combate de infanter\u00eda y dos autom\u00f3viles.<\/p>\n<p style=\"text-align: justify;\">Mientras en Jers\u00f3n, hasta 40 militares ucranianos perdieron la vida y dos veh\u00edculos y dos sistemas de artiller\u00eda M777 de fabricaci\u00f3n estadounidense fueron destruidos durante las \u00faltimas 24 horas.<\/p>\n<p style=\"text-align: justify;\">Asimismo, un dep\u00f3sito de municiones de la 1\u00aa Brigada de Fuerzas Especiales de Ucrania fue destruido cerca del asentamiento de Volchansk, en la regi\u00f3n de J\u00e1rkiv.<img loading=\"lazy\" decoding=\"async\" class=\"size-medium wp-image-303558 alignright\" src=\"http:\/\/sana.sy\/es\/wp-content\/uploads\/2023\/07\/photo_2023-07-12_16-29-22-300x167.jpg\" alt=\"\" width=\"300\" height=\"167\" srcset=\"https:\/\/archive.sana.sy\/es\/wp-content\/uploads\/2023\/07\/photo_2023-07-12_16-29-22-300x167.jpg 300w, https:\/\/archive.sana.sy\/es\/wp-content\/uploads\/2023\/07\/photo_2023-07-12_16-29-22-150x83.jpg 150w, https:\/\/archive.sana.sy\/es\/wp-content\/uploads\/2023\/07\/photo_2023-07-12_16-29-22-768x427.jpg 768w, https:\/\/archive.sana.sy\/es\/wp-content\/uploads\/2023\/07\/photo_2023-07-12_16-29-22.jpg 952w\" sizes=\"(max-width: 300px) 100vw, 300px\" \/><\/p>\n<p style=\"text-align: justify;\">De igual manera, en las \u00e1reas de los asentamientos de Malodolinskoye y Chornomorsk, en la regi\u00f3n de Odessa, fueron destruidos dep\u00f3sitos de combustible para equipos militares ucranianos.<\/p>\n<p style=\"text-align: justify;\">Adem\u00e1s, en el \u00e1rea de la aldea de Yampol de la Rep\u00fablica Popular de Donetsk, fue alcanzado el puesto de mando y observaci\u00f3n de la 5\u00aa brigada de la Guardia Nacional de Ucrania.<\/p>\n<p style=\"text-align: justify;\">Por otro lado, aviones de combate de las Fuerzas Aeroespaciales de Rusia derribaron un helic\u00f3ptero Mi-24 de la Fuerza A\u00e9rea de Ucrania en la zona del pueblo de Cherevkovka en la Rep\u00fablica Popular de Donetsk, mientras los sistemas de defensa a\u00e9rea interceptaron cuatro misiles de crucero Storm Shadow y derribaron 15 veh\u00edculos a\u00e9reos no tripulados ucranianos.<\/p>\n<p style=\"text-align: justify;\">fm\/as<\/p>\n","protected":false},"excerpt":{"rendered":"<p>Durante los combates fueron destruidos 11 veh\u00edculos de combate de infanter\u00eda, un tanque, 8 blindados de combate, dos veh\u00edculos blindados de transporte de personal, seis veh\u00edculos, dos piezas de artiller\u00eda autopropulsada Gvozdika, un ob\u00fas remolcado FH-70 de fabricaci\u00f3n brit\u00e1nica y dos obuses Msta-B y D-30. Mosc\u00fa, 12 jul (SANA) El Ministerio de Defensa de la &hellip;<\/p>\n","protected":false},"author":42,"featured_media":303559,"comment_status":"closed","ping_status":"closed","sticky":false,"template":"","format":"standard","meta":{"footnotes":""},"categories":[597,456,16687,20724,7541],"tags":[],"class_list":["post-303556","post","type-post","status-publish","format-standard","has-post-thumbnail","","category-cinta-de-noticias","category-arabe-internacional-politica","category-internacionales","category-minuto-a-minuto","category-ultimas-noticias"],"_links":{"self":[{"href":"https:\/\/archive.sana.sy\/es\/index.php?rest_route=\/wp\/v2\/posts\/303556"}],"collection":[{"href":"https:\/\/archive.sana.sy\/es\/index.php?rest_route=\/wp\/v2\/posts"}],"about":[{"href":"https:\/\/archive.sana.sy\/es\/index.php?rest_route=\/wp\/v2\/types\/post"}],"author":[{"embeddable":true,"href":"https:\/\/archive.sana.sy\/es\/index.php?rest_route=\/wp\/v2\/users\/42"}],"replies":[{"embeddable":true,"href":"https:\/\/archive.sana.sy\/es\/index.php?rest_route=%2Fwp%2Fv2%2Fcomments&post=303556"}],"version-history":[{"count":1,"href":"https:\/\/archive.sana.sy\/es\/index.php?rest_route=\/wp\/v2\/posts\/303556\/revisions"}],"predecessor-version":[{"id":303560,"href":"https:\/\/archive.sana.sy\/es\/index.php?rest_route=\/wp\/v2\/posts\/303556\/revisions\/303560"}],"wp:featuredmedia":[{"embeddable":true,"href":"https:\/\/archive.sana.sy\/es\/index.php?rest_route=\/wp\/v2\/media\/303559"}],"wp:attachment":[{"href":"https:\/\/archive.sana.sy\/es\/index.php?rest_route=%2Fwp%2Fv2%2Fmedia&parent=303556"}],"wp:term":[{"taxonomy":"category","embeddable":true,"href":"https:\/\/archive.sana.sy\/es\/index.php?rest_route=%2Fwp%2Fv2%2Fcategories&post=303556"},{"taxonomy":"post_tag","embeddable":true,"href":"https:\/\/archive.sana.sy\/es\/index.php?rest_route=%2Fwp%2Fv2%2Ftags&post=303556"}],"curies":[{"name":"wp","href":"https:\/\/api.w.org\/{rel}","templated":true}]}}