{"id":303563,"date":"2023-07-12T17:28:27","date_gmt":"2023-07-12T14:28:27","guid":{"rendered":"https:\/\/sana.sy\/es\/?p=303563"},"modified":"2023-07-12T17:30:48","modified_gmt":"2023-07-12T14:30:48","slug":"siria-gano-dos-bronces-y-cuatro-certificados-de-reconocimiento-en-olimpiada-internacional-de-matematica-en-japon","status":"publish","type":"post","link":"https:\/\/archive.sana.sy\/es\/?p=303563","title":{"rendered":"Siria gan\u00f3 dos bronces y certificados de reconocimiento en Olimpiada Internacional de Matem\u00e1tica en Jap\u00f3n"},"content":{"rendered":"<p style=\"text-align: justify\"><span style=\"color: #800000\"><strong>Damasco, 12 jul (SANA)<\/strong> <span style=\"color: #000000\">A<\/span><\/span>lumnos dotados en matem\u00e1tica ganaron dos medallas de bronce y cuatro certificados de reconocimiento para Siria en la Olimpiada Internacional de Matem\u00e1tica OIM-2023.<\/p>\n<p style=\"text-align: justify\">La competici\u00f3n se llev\u00f3 a cabo en Jap\u00f3n entre el 8 al 12 del mes en curso, y cont\u00f3 con la participaci\u00f3n de 672 estudiantes procedentes de 112 pa\u00edses del mundo.<\/p>\n<p style=\"text-align: justify\">La Entidad de Distinci\u00f3n y Creatividad coment\u00f3 que el equipo de la Olimpiada Matem\u00e1tica de Siria registr\u00f3 un notable avance en el <em>ranking<\/em> internacional en la lista de pa\u00edses participantes en esta competici\u00f3n, al pasar del puesto 70 al 61.<\/p>\n<p style=\"text-align: justify\">Esta se trata de la 15 participaci\u00f3n de Siria en este evento cient\u00edfico, ya que la primera vez tuvo lugar en 2009.\u00a0 Cabe destacar que el a\u00f1o pasado, el equipo de la Olimpiada Cient\u00edfica Siria gan\u00f3 una medalla de bronce, adem\u00e1s de cinco certificados de reconocimiento.<\/p>\n<p>la<\/p>\n","protected":false},"excerpt":{"rendered":"<p>Damasco, 12 jul (SANA) Alumnos dotados en matem\u00e1tica ganaron dos medallas de bronce y cuatro certificados de reconocimiento para Siria en la Olimpiada Internacional de Matem\u00e1tica OIM-2023. La competici\u00f3n se llev\u00f3 a cabo en Jap\u00f3n entre el 8 al 12 del mes en curso, y cont\u00f3 con la participaci\u00f3n de 672 estudiantes procedentes de 112 &hellip;<\/p>\n","protected":false},"author":24,"featured_media":303564,"comment_status":"closed","ping_status":"closed","sticky":false,"template":"","format":"standard","meta":{"footnotes":""},"categories":[447,597,20724,448,7541],"tags":[22261,6553],"class_list":["post-303563","post","type-post","status-publish","format-standard","has-post-thumbnail","","category-local-politica","category-cinta-de-noticias","category-minuto-a-minuto","category-noticias","category-ultimas-noticias","tag-impiada-internacional-de-matematica","tag-siria"],"_links":{"self":[{"href":"https:\/\/archive.sana.sy\/es\/index.php?rest_route=\/wp\/v2\/posts\/303563"}],"collection":[{"href":"https:\/\/archive.sana.sy\/es\/index.php?rest_route=\/wp\/v2\/posts"}],"about":[{"href":"https:\/\/archive.sana.sy\/es\/index.php?rest_route=\/wp\/v2\/types\/post"}],"author":[{"embeddable":true,"href":"https:\/\/archive.sana.sy\/es\/index.php?rest_route=\/wp\/v2\/users\/24"}],"replies":[{"embeddable":true,"href":"https:\/\/archive.sana.sy\/es\/index.php?rest_route=%2Fwp%2Fv2%2Fcomments&post=303563"}],"version-history":[{"count":3,"href":"https:\/\/archive.sana.sy\/es\/index.php?rest_route=\/wp\/v2\/posts\/303563\/revisions"}],"predecessor-version":[{"id":303567,"href":"https:\/\/archive.sana.sy\/es\/index.php?rest_route=\/wp\/v2\/posts\/303563\/revisions\/303567"}],"wp:featuredmedia":[{"embeddable":true,"href":"https:\/\/archive.sana.sy\/es\/index.php?rest_route=\/wp\/v2\/media\/303564"}],"wp:attachment":[{"href":"https:\/\/archive.sana.sy\/es\/index.php?rest_route=%2Fwp%2Fv2%2Fmedia&parent=303563"}],"wp:term":[{"taxonomy":"category","embeddable":true,"href":"https:\/\/archive.sana.sy\/es\/index.php?rest_route=%2Fwp%2Fv2%2Fcategories&post=303563"},{"taxonomy":"post_tag","embeddable":true,"href":"https:\/\/archive.sana.sy\/es\/index.php?rest_route=%2Fwp%2Fv2%2Ftags&post=303563"}],"curies":[{"name":"wp","href":"https:\/\/api.w.org\/{rel}","templated":true}]}}