{"id":303585,"date":"2023-07-12T15:39:50","date_gmt":"2023-07-12T12:39:50","guid":{"rendered":"https:\/\/sana.sy\/es\/?p=303585"},"modified":"2023-07-13T12:46:13","modified_gmt":"2023-07-13T09:46:13","slug":"jefe-de-inteligencia-de-rusia-revela-haber-mantenido-conversacion-telefonico-con-su-homologo-estadounidense-sobre-ucrania","status":"publish","type":"post","link":"https:\/\/archive.sana.sy\/es\/?p=303585","title":{"rendered":"Jefe de Inteligencia de Rusia mantuvo conversaci\u00f3n telef\u00f3nica con su hom\u00f3logo estadounidense sobre Ucrania"},"content":{"rendered":"<p style=\"text-align: justify;\"><span style=\"color: #800000;\"><strong>Mosc\u00fa, 12 jul (SANA)<\/strong> <\/span>El director del Servicio de Inteligencia Exterior de Rusia (SVR), Serguei Naryshkin, revel\u00f3 una reciente llamada telef\u00f3nica que sostuvo con par, el jefe de la CIA, William Burns.<\/p>\n<p style=\"text-align: justify;\">Seg\u00fan la agencia Tass, Naryshkin se\u00f1al\u00f3 que la conversaci\u00f3n tuvo lugar a fines del pasado mes de junio por iniciativa de la parte estadounidense, a la luz del mot\u00edn del grupo \u201cWagner\u201d en Rusia.<\/p>\n<p style=\"text-align: justify;\">El debate dur\u00f3 alrededor de una hora y gir\u00f3 en torno a la crisis de Ucrania, resalt\u00f3 Naryshkin, agregando que las condiciones para las negociaciones sobre Ucrania a\u00fan son \u201cinmaduras\u201d.<\/p>\n<p style=\"text-align: justify;\">&#8220;El hecho de que las conversaciones sean posibles tarde o temprano es natural porque cualquier conflicto, incluido el armado, terminar\u00e1 con negociaciones, pero las condiciones para ellas a\u00fan deben madurar m\u00e1s&#8221;, coment\u00f3 el jefe de inteligencia ruso.<\/p>\n<p style=\"text-align: justify;\">No descart\u00f3 una posible reuni\u00f3n en persona con el jefe de la CIA.\u201cNo acordamos una reuni\u00f3n, pero esa posibilidad existe\u201d, dijo.<\/p>\n<p style=\"text-align: justify;\">la<\/p>\n","protected":false},"excerpt":{"rendered":"<p>Mosc\u00fa, 12 jul (SANA) El director del Servicio de Inteligencia Exterior de Rusia (SVR), Serguei Naryshkin, revel\u00f3 una reciente llamada telef\u00f3nica que sostuvo con par, el jefe de la CIA, William Burns. Seg\u00fan la agencia Tass, Naryshkin se\u00f1al\u00f3 que la conversaci\u00f3n tuvo lugar a fines del pasado mes de junio por iniciativa de la parte &hellip;<\/p>\n","protected":false},"author":24,"featured_media":303586,"comment_status":"closed","ping_status":"closed","sticky":false,"template":"","format":"standard","meta":{"footnotes":""},"categories":[597,456,16687,7541],"tags":[7132,22264,6695,20357],"class_list":["post-303585","post","type-post","status-publish","format-standard","has-post-thumbnail","","category-cinta-de-noticias","category-arabe-internacional-politica","category-internacionales","category-ultimas-noticias","tag-eeuu","tag-jefe-de-inteligencia-ruso","tag-rusia","tag-ucrania"],"_links":{"self":[{"href":"https:\/\/archive.sana.sy\/es\/index.php?rest_route=\/wp\/v2\/posts\/303585"}],"collection":[{"href":"https:\/\/archive.sana.sy\/es\/index.php?rest_route=\/wp\/v2\/posts"}],"about":[{"href":"https:\/\/archive.sana.sy\/es\/index.php?rest_route=\/wp\/v2\/types\/post"}],"author":[{"embeddable":true,"href":"https:\/\/archive.sana.sy\/es\/index.php?rest_route=\/wp\/v2\/users\/24"}],"replies":[{"embeddable":true,"href":"https:\/\/archive.sana.sy\/es\/index.php?rest_route=%2Fwp%2Fv2%2Fcomments&post=303585"}],"version-history":[{"count":3,"href":"https:\/\/archive.sana.sy\/es\/index.php?rest_route=\/wp\/v2\/posts\/303585\/revisions"}],"predecessor-version":[{"id":303619,"href":"https:\/\/archive.sana.sy\/es\/index.php?rest_route=\/wp\/v2\/posts\/303585\/revisions\/303619"}],"wp:featuredmedia":[{"embeddable":true,"href":"https:\/\/archive.sana.sy\/es\/index.php?rest_route=\/wp\/v2\/media\/303586"}],"wp:attachment":[{"href":"https:\/\/archive.sana.sy\/es\/index.php?rest_route=%2Fwp%2Fv2%2Fmedia&parent=303585"}],"wp:term":[{"taxonomy":"category","embeddable":true,"href":"https:\/\/archive.sana.sy\/es\/index.php?rest_route=%2Fwp%2Fv2%2Fcategories&post=303585"},{"taxonomy":"post_tag","embeddable":true,"href":"https:\/\/archive.sana.sy\/es\/index.php?rest_route=%2Fwp%2Fv2%2Ftags&post=303585"}],"curies":[{"name":"wp","href":"https:\/\/api.w.org\/{rel}","templated":true}]}}