{"id":30363,"date":"2015-09-22T20:11:22","date_gmt":"2015-09-22T17:11:22","guid":{"rendered":"http:\/\/sana.sy\/es\/?p=30363"},"modified":"2015-09-22T20:11:22","modified_gmt":"2015-09-22T17:11:22","slug":"al-mikdad-examina-con-abdul-hadi-la-situacion-de-los-palestinos-en-siria","status":"publish","type":"post","link":"https:\/\/archive.sana.sy\/es\/?p=30363","title":{"rendered":"Al-Mikdad examina con Abdul-Hadi la situaci\u00f3n de los palestinos en Siria"},"content":{"rendered":"<p style=\"text-align: justify\"><span style=\"color: #800000\">Damasco, SANA<\/span>&#8211; El viceministro de Asuntos Exteriores y Expatriados, Dr. Faisal al-Mikdad, asegur\u00f3 que, \u201cSiria mantendr\u00e1 de forma permanente las consultas con los dirigentes palestinos, en particular con respecto a la cuesti\u00f3n de los refugiados palestinos\u201d, afirmando que, la situaci\u00f3n en Siria se est\u00e1 mejorando en respecto a la lucha contra el terrorismo.<\/p>\n<p style=\"text-align: justify\">Al-Mikdad ha examinado con el director del Bur\u00f3 Pol\u00edtico de La Organizaci\u00f3n para la Liberaci\u00f3n de Palestina (OLP), el embajador, Anwar Abdul-Hadi, los \u00faltimos acontecimientos en Siria en general y la situaci\u00f3n de los palestinos en Siria, en particular, la cuesti\u00f3n de campamentos de los refugiados palestinos, confirmando que Siria seguir\u00e1 satisfaciendo las necesidades de los refugiados.<\/p>\n<p style=\"text-align: justify\">El titular palestino, describi\u00f3 las relaciones sirio-palestinas como \u201cfuertes, s\u00f3lidas\u201d y se basan en la coordinaci\u00f3n continua diciendo que:\u201d Siria siempre ha estado al lado del derecho del pueblo palestin\u201d, y dando a su vez, las gracias al gobierno sirio por las facilidades que ofrece para el alivio del sufrimiento de las familias palestinas.<\/p>\n<p>M.Miri<\/p>\n","protected":false},"excerpt":{"rendered":"<p>Damasco, SANA&#8211; El viceministro de Asuntos Exteriores y Expatriados, Dr. Faisal al-Mikdad, asegur\u00f3 que, \u201cSiria mantendr\u00e1 de forma permanente las consultas con los dirigentes palestinos, en particular con respecto a la cuesti\u00f3n de los refugiados palestinos\u201d, afirmando que, la situaci\u00f3n en Siria se est\u00e1 mejorando en respecto a la lucha contra el terrorismo. Al-Mikdad ha &hellip;<\/p>\n","protected":false},"author":1,"featured_media":30364,"comment_status":"closed","ping_status":"closed","sticky":false,"template":"","format":"standard","meta":{"footnotes":""},"categories":[477,476],"tags":[6725],"class_list":["post-30363","post","type-post","status-publish","format-standard","has-post-thumbnail","","category-noticias-edulcorantes","category-locales","tag-al-mikdad-examina-con-abdul-hadi-la-situacion-de-los-palestinos-en-siria"],"_links":{"self":[{"href":"https:\/\/archive.sana.sy\/es\/index.php?rest_route=\/wp\/v2\/posts\/30363"}],"collection":[{"href":"https:\/\/archive.sana.sy\/es\/index.php?rest_route=\/wp\/v2\/posts"}],"about":[{"href":"https:\/\/archive.sana.sy\/es\/index.php?rest_route=\/wp\/v2\/types\/post"}],"author":[{"embeddable":true,"href":"https:\/\/archive.sana.sy\/es\/index.php?rest_route=\/wp\/v2\/users\/1"}],"replies":[{"embeddable":true,"href":"https:\/\/archive.sana.sy\/es\/index.php?rest_route=%2Fwp%2Fv2%2Fcomments&post=30363"}],"version-history":[{"count":0,"href":"https:\/\/archive.sana.sy\/es\/index.php?rest_route=\/wp\/v2\/posts\/30363\/revisions"}],"wp:featuredmedia":[{"embeddable":true,"href":"https:\/\/archive.sana.sy\/es\/index.php?rest_route=\/wp\/v2\/media\/30364"}],"wp:attachment":[{"href":"https:\/\/archive.sana.sy\/es\/index.php?rest_route=%2Fwp%2Fv2%2Fmedia&parent=30363"}],"wp:term":[{"taxonomy":"category","embeddable":true,"href":"https:\/\/archive.sana.sy\/es\/index.php?rest_route=%2Fwp%2Fv2%2Fcategories&post=30363"},{"taxonomy":"post_tag","embeddable":true,"href":"https:\/\/archive.sana.sy\/es\/index.php?rest_route=%2Fwp%2Fv2%2Ftags&post=30363"}],"curies":[{"name":"wp","href":"https:\/\/api.w.org\/{rel}","templated":true}]}}