{"id":303682,"date":"2023-07-13T20:14:58","date_gmt":"2023-07-13T17:14:58","guid":{"rendered":"http:\/\/sana.sy\/es\/?p=303682"},"modified":"2023-07-13T20:14:58","modified_gmt":"2023-07-13T17:14:58","slug":"iran-protesta-ante-italia-por-recibimiento-a-comandante-terrorista","status":"publish","type":"post","link":"https:\/\/archive.sana.sy\/es\/?p=303682","title":{"rendered":"Ir\u00e1n protesta ante Italia por recibimiento a comandante terrorista"},"content":{"rendered":"<blockquote><p><span style=\"color: #993300;\">Inst\u00f3 al gobierno italiano a mostrar una voluntad genuina para evitar que el pa\u00eds se convierta en refugio para los terroristas.<\/span><\/p><\/blockquote>\n<p style=\"text-align: justify;\"><span style=\"color: #800000;\"><strong>Teher\u00e1n, 13 jul (SANA)<\/strong><\/span> El Ministerio de Relaciones Exteriores de Ir\u00e1n convoc\u00f3 hoy al embajador italiano, Giuseppe Perroni, para expresar en\u00e9rgicas protestas por la recepci\u00f3n del l\u00edder del grupo terrorista &#8220;Mujahdeen Julq&#8221; por parte de varios parlamentarios italianos en la sede del Parlamento.<\/p>\n<p style=\"text-align: justify;\">\u201cEl director general de la Direcci\u00f3n de Europa Occidental afirm\u00f3 a Perroni que recibir a terroristas por parlamentarios italianos es una clara promoci\u00f3n y apoyo al terrorismo, e Ir\u00e1n condena en\u00e9rgicamente este tipo de acciones\u201d, cit\u00f3 IRNA a un comunicado de la Canciller\u00eda iran\u00ed.<\/p>\n<p style=\"text-align: justify;\">Seg\u00fan el comunicado, el diplom\u00e1tico iran\u00ed enfatiz\u00f3 que Teher\u00e1n respeta la soberan\u00eda de los pa\u00edses y la protecci\u00f3n de la libertad de expresi\u00f3n y el comportamiento dentro del marco legal; sin embargo, considera que brindar libertad a los terroristas es una violaci\u00f3n de la ley y de la libertad de los ciudadanos que acatan las normas.<\/p>\n<p style=\"text-align: justify;\">Asimismo, inst\u00f3 al gobierno italiano a mostrar una voluntad genuina para evitar que el pa\u00eds se convierta en refugio para los terroristas.<\/p>\n<p style=\"text-align: justify;\">El embajador italiano respondi\u00f3 a las demandas iran\u00edes afirmando que trasladar\u00e1 la situaci\u00f3n a la capital de su pa\u00eds lo antes posible.<\/p>\n<p style=\"text-align: justify;\"><em><strong>ah\/fm<\/strong><\/em><\/p>\n","protected":false},"excerpt":{"rendered":"<p>Inst\u00f3 al gobierno italiano a mostrar una voluntad genuina para evitar que el pa\u00eds se convierta en refugio para los terroristas. Teher\u00e1n, 13 jul (SANA) El Ministerio de Relaciones Exteriores de Ir\u00e1n convoc\u00f3 hoy al embajador italiano, Giuseppe Perroni, para expresar en\u00e9rgicas protestas por la recepci\u00f3n del l\u00edder del grupo terrorista &#8220;Mujahdeen Julq&#8221; por parte &hellip;<\/p>\n","protected":false},"author":30,"featured_media":303683,"comment_status":"closed","ping_status":"closed","sticky":false,"template":"","format":"standard","meta":{"footnotes":""},"categories":[456,16687,20724],"tags":[],"class_list":["post-303682","post","type-post","status-publish","format-standard","has-post-thumbnail","","category-arabe-internacional-politica","category-internacionales","category-minuto-a-minuto"],"_links":{"self":[{"href":"https:\/\/archive.sana.sy\/es\/index.php?rest_route=\/wp\/v2\/posts\/303682"}],"collection":[{"href":"https:\/\/archive.sana.sy\/es\/index.php?rest_route=\/wp\/v2\/posts"}],"about":[{"href":"https:\/\/archive.sana.sy\/es\/index.php?rest_route=\/wp\/v2\/types\/post"}],"author":[{"embeddable":true,"href":"https:\/\/archive.sana.sy\/es\/index.php?rest_route=\/wp\/v2\/users\/30"}],"replies":[{"embeddable":true,"href":"https:\/\/archive.sana.sy\/es\/index.php?rest_route=%2Fwp%2Fv2%2Fcomments&post=303682"}],"version-history":[{"count":1,"href":"https:\/\/archive.sana.sy\/es\/index.php?rest_route=\/wp\/v2\/posts\/303682\/revisions"}],"predecessor-version":[{"id":303684,"href":"https:\/\/archive.sana.sy\/es\/index.php?rest_route=\/wp\/v2\/posts\/303682\/revisions\/303684"}],"wp:featuredmedia":[{"embeddable":true,"href":"https:\/\/archive.sana.sy\/es\/index.php?rest_route=\/wp\/v2\/media\/303683"}],"wp:attachment":[{"href":"https:\/\/archive.sana.sy\/es\/index.php?rest_route=%2Fwp%2Fv2%2Fmedia&parent=303682"}],"wp:term":[{"taxonomy":"category","embeddable":true,"href":"https:\/\/archive.sana.sy\/es\/index.php?rest_route=%2Fwp%2Fv2%2Fcategories&post=303682"},{"taxonomy":"post_tag","embeddable":true,"href":"https:\/\/archive.sana.sy\/es\/index.php?rest_route=%2Fwp%2Fv2%2Ftags&post=303682"}],"curies":[{"name":"wp","href":"https:\/\/api.w.org\/{rel}","templated":true}]}}