{"id":303688,"date":"2023-07-14T08:35:08","date_gmt":"2023-07-14T05:35:08","guid":{"rendered":"http:\/\/sana.sy\/es\/?p=303688"},"modified":"2023-07-14T08:35:08","modified_gmt":"2023-07-14T05:35:08","slug":"casa-blanca-fracasa-en-identificar-responsable-de-la-cocaina-hallada","status":"publish","type":"post","link":"https:\/\/archive.sana.sy\/es\/?p=303688","title":{"rendered":"Casa Blanca fracasa en identificar responsable de la coca\u00edna hallada"},"content":{"rendered":"<blockquote><p><span style=\"color: #993300;\">Este incidente pone de manifiesto la falta de \u00e9xito en el esclarecimiento de este asunto en la Casa Blanca, ya que a pesar de los esfuerzos realizados por las autoridades competentes, no se han obtenido pruebas concluyentes ni se ha logrado identificar al responsable.<\/span><\/p><\/blockquote>\n<p style=\"text-align: justify;\"><span style=\"color: #800000;\"><strong>Washington, 13 jul (SANA)<\/strong><\/span> El Servicio Secreto de Estados Unidos anunci\u00f3 hoy el cierre de su investigaci\u00f3n sobre el paquete de coca\u00edna encontrado a principios de este mes en la Casa Blanca, sin lograr identificar a ning\u00fan sospechoso.<\/p>\n<p style=\"text-align: justify;\">La agencia declar\u00f3 por medio de un comunicado que no se encontraron pruebas que proporcionaran pistas o cualquier otro medio para identificar a la persona responsable de dejar la sustancia en el \u00e1rea.<\/p>\n<p style=\"text-align: justify;\">El comunicado destaca que, debido a la falta de pruebas f\u00edsicas, no es posible identificar a ninguna persona de inter\u00e9s entre las numerosas personas que pasaron por el vest\u00edbulo donde se encontr\u00f3 el paquete.<\/p>\n<p style=\"text-align: justify;\">Este incidente pone de manifiesto la falta de \u00e9xito en el esclarecimiento de este asunto en la Casa Blanca, ya que a pesar de los esfuerzos realizados por las autoridades competentes, no se han obtenido pruebas concluyentes ni se ha logrado identificar al responsable.<\/p>\n<p style=\"text-align: justify;\"><em><strong>ah\/fm<\/strong><\/em><\/p>\n","protected":false},"excerpt":{"rendered":"<p>Este incidente pone de manifiesto la falta de \u00e9xito en el esclarecimiento de este asunto en la Casa Blanca, ya que a pesar de los esfuerzos realizados por las autoridades competentes, no se han obtenido pruebas concluyentes ni se ha logrado identificar al responsable. Washington, 13 jul (SANA) El Servicio Secreto de Estados Unidos anunci\u00f3 &hellip;<\/p>\n","protected":false},"author":30,"featured_media":303689,"comment_status":"closed","ping_status":"closed","sticky":false,"template":"","format":"standard","meta":{"footnotes":""},"categories":[456,16687,20724],"tags":[],"class_list":["post-303688","post","type-post","status-publish","format-standard","has-post-thumbnail","","category-arabe-internacional-politica","category-internacionales","category-minuto-a-minuto"],"_links":{"self":[{"href":"https:\/\/archive.sana.sy\/es\/index.php?rest_route=\/wp\/v2\/posts\/303688"}],"collection":[{"href":"https:\/\/archive.sana.sy\/es\/index.php?rest_route=\/wp\/v2\/posts"}],"about":[{"href":"https:\/\/archive.sana.sy\/es\/index.php?rest_route=\/wp\/v2\/types\/post"}],"author":[{"embeddable":true,"href":"https:\/\/archive.sana.sy\/es\/index.php?rest_route=\/wp\/v2\/users\/30"}],"replies":[{"embeddable":true,"href":"https:\/\/archive.sana.sy\/es\/index.php?rest_route=%2Fwp%2Fv2%2Fcomments&post=303688"}],"version-history":[{"count":1,"href":"https:\/\/archive.sana.sy\/es\/index.php?rest_route=\/wp\/v2\/posts\/303688\/revisions"}],"predecessor-version":[{"id":303690,"href":"https:\/\/archive.sana.sy\/es\/index.php?rest_route=\/wp\/v2\/posts\/303688\/revisions\/303690"}],"wp:featuredmedia":[{"embeddable":true,"href":"https:\/\/archive.sana.sy\/es\/index.php?rest_route=\/wp\/v2\/media\/303689"}],"wp:attachment":[{"href":"https:\/\/archive.sana.sy\/es\/index.php?rest_route=%2Fwp%2Fv2%2Fmedia&parent=303688"}],"wp:term":[{"taxonomy":"category","embeddable":true,"href":"https:\/\/archive.sana.sy\/es\/index.php?rest_route=%2Fwp%2Fv2%2Fcategories&post=303688"},{"taxonomy":"post_tag","embeddable":true,"href":"https:\/\/archive.sana.sy\/es\/index.php?rest_route=%2Fwp%2Fv2%2Ftags&post=303688"}],"curies":[{"name":"wp","href":"https:\/\/api.w.org\/{rel}","templated":true}]}}