{"id":303700,"date":"2023-07-14T09:49:42","date_gmt":"2023-07-14T06:49:42","guid":{"rendered":"http:\/\/sana.sy\/es\/?p=303700"},"modified":"2023-07-14T09:49:42","modified_gmt":"2023-07-14T06:49:42","slug":"estados-unidos-movilizara-3-000-reservistas-para-reforzar-flanco-este-de-la-otan-en-europa","status":"publish","type":"post","link":"https:\/\/archive.sana.sy\/es\/?p=303700","title":{"rendered":"Estados Unidos movilizar\u00e1 3.000 reservistas para reforzar flanco este de la OTAN en Europa"},"content":{"rendered":"<blockquote><p><span style=\"color: #993300;\">\u201cEsta orden ejecutiva reafirma el apoyo y el compromiso inquebrantables de defender el flanco oriental de la OTAN en el contexto del conflicto en Ucrania\u201d<\/span><\/p><\/blockquote>\n<p style=\"text-align: justify;\"><span style=\"color: #800000;\"><strong>Washington, 14 jul (SANA)<\/strong><\/span> El presidente de Estados Unidos, Joe Biden, emiti\u00f3 una orden ejecutiva este jueves que autoriza la movilizaci\u00f3n de hasta 3.000 reservistas con el fin de fortalecer la operaci\u00f3n \u201cResoluci\u00f3n Atl\u00e1ntica\u201d de la OTAN.<\/p>\n<p style=\"text-align: justify;\">Esta medida tiene como objetivo reforzar el flanco este de la Alianza Atl\u00e1ntica en Europa, seg\u00fan cit\u00f3 RT.<\/p>\n<p style=\"text-align: justify;\">Biden expres\u00f3 la necesidad de aumentar las fuerzas activas de Washington, bajo la autoridad del Comando Europeo estadounidense, para llevar a cabo de manera efectiva la mencionada operaci\u00f3n.<\/p>\n<p style=\"text-align: justify;\">Seg\u00fan funcionarios del Pent\u00e1gono, los 3.000 reservistas no ser\u00e1n considerados efectivos adicionales, sino que estar\u00e1n disponibles para brindar apoyo cuando sea necesario.<\/p>\n<p style=\"text-align: justify;\">Douglas A. Sims II, director de operaciones del Estado Mayor Conjunto estadounidense, afirm\u00f3 en una conferencia de prensa que &#8220;esta orden ejecutiva reafirma el apoyo y el compromiso inquebrantables de defender el flanco oriental de la OTAN&#8221;, en el contexto del conflicto en Ucrania.<\/p>\n<p style=\"text-align: justify;\">Biden firm\u00f3 esta orden ejecutiva al regresar de su gira por Europa, durante la cual particip\u00f3 en la cumbre de la OTAN en Vilna, Lituania. En dicha reuni\u00f3n, los Estados miembros acordaron, entre otras cuestiones, que Rusia representa \u201cla amenaza m\u00e1s significativa y directa para la seguridad de los aliados y para la paz y estabilidad en la zona euroatl\u00e1ntica\u201d.<\/p>\n<p style=\"text-align: justify;\">La operaci\u00f3n &#8220;Resoluci\u00f3n Atl\u00e1ntica&#8221; fue lanzada en 2014 despu\u00e9s de que Crimea se anexara a Rusia tras el golpe de Estado respaldado por Washington en Kiev. Esta iniciativa busca disuadir cualquier supuesta agresi\u00f3n o amenaza de agresi\u00f3n por parte de Mosc\u00fa hacia los miembros de la Alianza Atl\u00e1ntica.<\/p>\n<p style=\"text-align: justify;\"><em><strong>ah\/fm<\/strong><\/em><\/p>\n","protected":false},"excerpt":{"rendered":"<p>\u201cEsta orden ejecutiva reafirma el apoyo y el compromiso inquebrantables de defender el flanco oriental de la OTAN en el contexto del conflicto en Ucrania\u201d Washington, 14 jul (SANA) El presidente de Estados Unidos, Joe Biden, emiti\u00f3 una orden ejecutiva este jueves que autoriza la movilizaci\u00f3n de hasta 3.000 reservistas con el fin de fortalecer &hellip;<\/p>\n","protected":false},"author":30,"featured_media":303701,"comment_status":"closed","ping_status":"closed","sticky":false,"template":"","format":"standard","meta":{"footnotes":""},"categories":[456,16687,20724],"tags":[],"class_list":["post-303700","post","type-post","status-publish","format-standard","has-post-thumbnail","","category-arabe-internacional-politica","category-internacionales","category-minuto-a-minuto"],"_links":{"self":[{"href":"https:\/\/archive.sana.sy\/es\/index.php?rest_route=\/wp\/v2\/posts\/303700"}],"collection":[{"href":"https:\/\/archive.sana.sy\/es\/index.php?rest_route=\/wp\/v2\/posts"}],"about":[{"href":"https:\/\/archive.sana.sy\/es\/index.php?rest_route=\/wp\/v2\/types\/post"}],"author":[{"embeddable":true,"href":"https:\/\/archive.sana.sy\/es\/index.php?rest_route=\/wp\/v2\/users\/30"}],"replies":[{"embeddable":true,"href":"https:\/\/archive.sana.sy\/es\/index.php?rest_route=%2Fwp%2Fv2%2Fcomments&post=303700"}],"version-history":[{"count":1,"href":"https:\/\/archive.sana.sy\/es\/index.php?rest_route=\/wp\/v2\/posts\/303700\/revisions"}],"predecessor-version":[{"id":303702,"href":"https:\/\/archive.sana.sy\/es\/index.php?rest_route=\/wp\/v2\/posts\/303700\/revisions\/303702"}],"wp:featuredmedia":[{"embeddable":true,"href":"https:\/\/archive.sana.sy\/es\/index.php?rest_route=\/wp\/v2\/media\/303701"}],"wp:attachment":[{"href":"https:\/\/archive.sana.sy\/es\/index.php?rest_route=%2Fwp%2Fv2%2Fmedia&parent=303700"}],"wp:term":[{"taxonomy":"category","embeddable":true,"href":"https:\/\/archive.sana.sy\/es\/index.php?rest_route=%2Fwp%2Fv2%2Fcategories&post=303700"},{"taxonomy":"post_tag","embeddable":true,"href":"https:\/\/archive.sana.sy\/es\/index.php?rest_route=%2Fwp%2Fv2%2Ftags&post=303700"}],"curies":[{"name":"wp","href":"https:\/\/api.w.org\/{rel}","templated":true}]}}