{"id":303709,"date":"2023-07-14T13:20:05","date_gmt":"2023-07-14T10:20:05","guid":{"rendered":"https:\/\/sana.sy\/es\/?p=303709"},"modified":"2023-07-14T13:20:05","modified_gmt":"2023-07-14T10:20:05","slug":"defensas-aereas-derriban-tres-drones-ucranianos-en-provincia-rusa-de-voronezh","status":"publish","type":"post","link":"https:\/\/archive.sana.sy\/es\/?p=303709","title":{"rendered":"Defensas a\u00e9reas derriban tres drones ucranianos en provincia rusa de Vor\u00f3nezh"},"content":{"rendered":"<blockquote>\n<p style=\"text-align: justify;\"><span style=\"color: #993300;\">\u201cNo hubo v\u00edctimas, heridos ni da\u00f1os materiales\u201d<\/span><\/p>\n<\/blockquote>\n<p style=\"text-align: justify;\"><span style=\"color: #800000;\"><strong>Mosc\u00fa, 14 jul (SANA)<\/strong><\/span> El gobernador de la provincia rusa de Vor\u00f3nezh, Aleksandr G\u00f3syev, anunci\u00f3 el derribo de tres drones pertenecientes a las fuerzas ucranianas a pocos kil\u00f3metros de la cabecera provincial que lleva el mismo nombre.<\/p>\n<p style=\"text-align: justify;\">\u201cLos medios de defensa a\u00e9rea detectaron tres drones en las cercan\u00edas de Vor\u00f3nezh y los destruyeron; no hubo v\u00edctimas, heridos ni da\u00f1os materiales\u201d, dijo G\u00f3syev citado por la agencia Sputnik.<\/p>\n<p style=\"text-align: justify;\">Por otro lado, el jefe del Centro de Prensa de las Fuerzas \u201cSur\u201d de Rusia, Vadim Astafyev, anunci\u00f3 que una fuerza militar rusa frustr\u00f3 un ataque del Grupo de Asalto 711 de la Guardia Fronteriza ucraniana hacia Klyshevka en la Rep\u00fablica Popular de Donetsk, y logr\u00f3 capturar a dos soldados ucranianos.<\/p>\n<p style=\"text-align: justify;\">En el mismo contexto, un representante de la Rep\u00fablica Popular de Donetsk en el Centro Conjunto de Monitoreo y Coordinaci\u00f3n de Asuntos relacionados con Cr\u00edmenes de Guerra en Ucrania inform\u00f3 hoy sobre un bombardeo de las fuerzas de Kiev con proyectiles suministrados por los pa\u00edses de la OTAN contra la ciudad de Yasynuvata al norte de la Rep\u00fablica.<\/p>\n<p style=\"text-align: justify;\"><em><strong>ah\/fm<\/strong><\/em><\/p>\n","protected":false},"excerpt":{"rendered":"<p>\u201cNo hubo v\u00edctimas, heridos ni da\u00f1os materiales\u201d Mosc\u00fa, 14 jul (SANA) El gobernador de la provincia rusa de Vor\u00f3nezh, Aleksandr G\u00f3syev, anunci\u00f3 el derribo de tres drones pertenecientes a las fuerzas ucranianas a pocos kil\u00f3metros de la cabecera provincial que lleva el mismo nombre. \u201cLos medios de defensa a\u00e9rea detectaron tres drones en las cercan\u00edas &hellip;<\/p>\n","protected":false},"author":30,"featured_media":303710,"comment_status":"closed","ping_status":"closed","sticky":false,"template":"","format":"standard","meta":{"footnotes":""},"categories":[597,456,16687,20724,7541],"tags":[],"class_list":["post-303709","post","type-post","status-publish","format-standard","has-post-thumbnail","","category-cinta-de-noticias","category-arabe-internacional-politica","category-internacionales","category-minuto-a-minuto","category-ultimas-noticias"],"_links":{"self":[{"href":"https:\/\/archive.sana.sy\/es\/index.php?rest_route=\/wp\/v2\/posts\/303709"}],"collection":[{"href":"https:\/\/archive.sana.sy\/es\/index.php?rest_route=\/wp\/v2\/posts"}],"about":[{"href":"https:\/\/archive.sana.sy\/es\/index.php?rest_route=\/wp\/v2\/types\/post"}],"author":[{"embeddable":true,"href":"https:\/\/archive.sana.sy\/es\/index.php?rest_route=\/wp\/v2\/users\/30"}],"replies":[{"embeddable":true,"href":"https:\/\/archive.sana.sy\/es\/index.php?rest_route=%2Fwp%2Fv2%2Fcomments&post=303709"}],"version-history":[{"count":1,"href":"https:\/\/archive.sana.sy\/es\/index.php?rest_route=\/wp\/v2\/posts\/303709\/revisions"}],"predecessor-version":[{"id":303711,"href":"https:\/\/archive.sana.sy\/es\/index.php?rest_route=\/wp\/v2\/posts\/303709\/revisions\/303711"}],"wp:featuredmedia":[{"embeddable":true,"href":"https:\/\/archive.sana.sy\/es\/index.php?rest_route=\/wp\/v2\/media\/303710"}],"wp:attachment":[{"href":"https:\/\/archive.sana.sy\/es\/index.php?rest_route=%2Fwp%2Fv2%2Fmedia&parent=303709"}],"wp:term":[{"taxonomy":"category","embeddable":true,"href":"https:\/\/archive.sana.sy\/es\/index.php?rest_route=%2Fwp%2Fv2%2Fcategories&post=303709"},{"taxonomy":"post_tag","embeddable":true,"href":"https:\/\/archive.sana.sy\/es\/index.php?rest_route=%2Fwp%2Fv2%2Ftags&post=303709"}],"curies":[{"name":"wp","href":"https:\/\/api.w.org\/{rel}","templated":true}]}}