{"id":303728,"date":"2023-07-14T16:46:56","date_gmt":"2023-07-14T13:46:56","guid":{"rendered":"https:\/\/sana.sy\/es\/?p=303728"},"modified":"2023-07-14T16:48:00","modified_gmt":"2023-07-14T13:48:00","slug":"mueren-cuatro-personas-en-accidente-de-trafico-en-la-autopista-homs-damasco","status":"publish","type":"post","link":"https:\/\/archive.sana.sy\/es\/?p=303728","title":{"rendered":"Mueren cuatro personas en accidente de tr\u00e1fico en la autopista Homs-Damasco"},"content":{"rendered":"<p style=\"text-align: justify;\"><span style=\"color: #800000;\"><strong>Damasco, 14 jul (SANA)\u00a0 <\/strong><\/span>Cuatro personas perdieron la vida y otras 28 resultaron heridas hoy, como resultado de un accidente de tr\u00e1fico en la autopista (Damasco-Homs).<\/p>\n<p style=\"text-align: justify;\">El Ministerio del Interior inform\u00f3 a SANA que un autob\u00fas se volc\u00f3 en la autov\u00eda cerca de la localidad de Al-Qutaifa, y el accidente dej\u00f3 muertas a cuatro personas y heridas a otras 28.<\/p>\n<p style=\"text-align: justify;\">Las patrullas y las ambulancias acudieron inmediatamente al lugar del incidente donde las v\u00edctimas fueron trasladadas a los hospitales cercanos.<\/p>\n<p style=\"text-align: justify;\">Seg\u00fan el Ministerio, contin\u00faan las investigaciones para determinar la causa del accidente.<\/p>\n<p style=\"text-align: justify;\">sm\/fm<\/p>\n","protected":false},"excerpt":{"rendered":"<p>Damasco, 14 jul (SANA)\u00a0 Cuatro personas perdieron la vida y otras 28 resultaron heridas hoy, como resultado de un accidente de tr\u00e1fico en la autopista (Damasco-Homs). El Ministerio del Interior inform\u00f3 a SANA que un autob\u00fas se volc\u00f3 en la autov\u00eda cerca de la localidad de Al-Qutaifa, y el accidente dej\u00f3 muertas a cuatro personas &hellip;<\/p>\n","protected":false},"author":39,"featured_media":303729,"comment_status":"closed","ping_status":"closed","sticky":false,"template":"","format":"standard","meta":{"footnotes":""},"categories":[447,477,597,20724,476,7541],"tags":[],"class_list":["post-303728","post","type-post","status-publish","format-standard","has-post-thumbnail","","category-local-politica","category-noticias-edulcorantes","category-cinta-de-noticias","category-minuto-a-minuto","category-locales","category-ultimas-noticias"],"_links":{"self":[{"href":"https:\/\/archive.sana.sy\/es\/index.php?rest_route=\/wp\/v2\/posts\/303728"}],"collection":[{"href":"https:\/\/archive.sana.sy\/es\/index.php?rest_route=\/wp\/v2\/posts"}],"about":[{"href":"https:\/\/archive.sana.sy\/es\/index.php?rest_route=\/wp\/v2\/types\/post"}],"author":[{"embeddable":true,"href":"https:\/\/archive.sana.sy\/es\/index.php?rest_route=\/wp\/v2\/users\/39"}],"replies":[{"embeddable":true,"href":"https:\/\/archive.sana.sy\/es\/index.php?rest_route=%2Fwp%2Fv2%2Fcomments&post=303728"}],"version-history":[{"count":1,"href":"https:\/\/archive.sana.sy\/es\/index.php?rest_route=\/wp\/v2\/posts\/303728\/revisions"}],"predecessor-version":[{"id":303730,"href":"https:\/\/archive.sana.sy\/es\/index.php?rest_route=\/wp\/v2\/posts\/303728\/revisions\/303730"}],"wp:featuredmedia":[{"embeddable":true,"href":"https:\/\/archive.sana.sy\/es\/index.php?rest_route=\/wp\/v2\/media\/303729"}],"wp:attachment":[{"href":"https:\/\/archive.sana.sy\/es\/index.php?rest_route=%2Fwp%2Fv2%2Fmedia&parent=303728"}],"wp:term":[{"taxonomy":"category","embeddable":true,"href":"https:\/\/archive.sana.sy\/es\/index.php?rest_route=%2Fwp%2Fv2%2Fcategories&post=303728"},{"taxonomy":"post_tag","embeddable":true,"href":"https:\/\/archive.sana.sy\/es\/index.php?rest_route=%2Fwp%2Fv2%2Ftags&post=303728"}],"curies":[{"name":"wp","href":"https:\/\/api.w.org\/{rel}","templated":true}]}}