{"id":30387,"date":"2015-09-23T18:45:44","date_gmt":"2015-09-23T15:45:44","guid":{"rendered":"http:\/\/sana.sy\/es\/?p=30387"},"modified":"2015-09-24T12:49:20","modified_gmt":"2015-09-24T09:49:20","slug":"nuevo-decreto-presidencial-que-aumenta-los-sueldos-de-los-trabajadores-del-sector-publico","status":"publish","type":"post","link":"https:\/\/archive.sana.sy\/es\/?p=30387","title":{"rendered":"Nuevo decreto presidencial aumenta los sueldos de los trabajadores del sector p\u00fablico"},"content":{"rendered":"<p><span style=\"color: #800000\">Damasco, SANA<\/span><\/p>\n<p>El presidente Bashar al-Assad emiti\u00f3 este mi\u00e9rcoles el decreto legislativo No. 41 para el a\u00f1o 2015 que estipula a\u00f1adir un monto de 2500 libras sirias a los sueldos mensuales de los civiles y militares que trabajan en los ministerios, las direcciones, los establecimientos estatales, las compa\u00f1\u00edas y todas las instalaciones del sector p\u00fablico y del sector conjunto, donde el Estado participe con un porcentaje de 75 por ciento de su capital.<\/p>\n<p>Asimismo, el presidente al-Assad promulg\u00f3 el decreto No. 42 para el a\u00f1o 2015 que establece ofrecer a los pensionados entre militares y civiles un aumento de sueldo estimado en 2500 libras sirias.<\/p>\n<p>De igual manera emiti\u00f3 el decreto No. 46 por el cual el nivel m\u00ednimo de los sueldos, exonerado de los impuestos ha sido elevado de 10 mil libras a 15 mil libras.<\/p>\n<p>&nbsp;<\/p>\n<p>Lynn A.<\/p>\n","protected":false},"excerpt":{"rendered":"<p>Damasco, SANA El presidente Bashar al-Assad emiti\u00f3 este mi\u00e9rcoles el decreto legislativo No. 41 para el a\u00f1o 2015 que estipula a\u00f1adir un monto de 2500 libras sirias a los sueldos mensuales de los civiles y militares que trabajan en los ministerios, las direcciones, los establecimientos estatales, las compa\u00f1\u00edas y todas las instalaciones del sector p\u00fablico &hellip;<\/p>\n","protected":false},"author":24,"featured_media":28216,"comment_status":"closed","ping_status":"closed","sticky":false,"template":"","format":"standard","meta":{"footnotes":""},"categories":[477,476,626],"tags":[6730],"class_list":["post-30387","post","type-post","status-publish","format-standard","has-post-thumbnail","","category-noticias-edulcorantes","category-locales","category-sr-presidente","tag-nuevo-decreto-presidencial-que-aumenta-los-sueldos-de-los-trabajadores-del-sector-publico"],"_links":{"self":[{"href":"https:\/\/archive.sana.sy\/es\/index.php?rest_route=\/wp\/v2\/posts\/30387"}],"collection":[{"href":"https:\/\/archive.sana.sy\/es\/index.php?rest_route=\/wp\/v2\/posts"}],"about":[{"href":"https:\/\/archive.sana.sy\/es\/index.php?rest_route=\/wp\/v2\/types\/post"}],"author":[{"embeddable":true,"href":"https:\/\/archive.sana.sy\/es\/index.php?rest_route=\/wp\/v2\/users\/24"}],"replies":[{"embeddable":true,"href":"https:\/\/archive.sana.sy\/es\/index.php?rest_route=%2Fwp%2Fv2%2Fcomments&post=30387"}],"version-history":[{"count":0,"href":"https:\/\/archive.sana.sy\/es\/index.php?rest_route=\/wp\/v2\/posts\/30387\/revisions"}],"wp:featuredmedia":[{"embeddable":true,"href":"https:\/\/archive.sana.sy\/es\/index.php?rest_route=\/wp\/v2\/media\/28216"}],"wp:attachment":[{"href":"https:\/\/archive.sana.sy\/es\/index.php?rest_route=%2Fwp%2Fv2%2Fmedia&parent=30387"}],"wp:term":[{"taxonomy":"category","embeddable":true,"href":"https:\/\/archive.sana.sy\/es\/index.php?rest_route=%2Fwp%2Fv2%2Fcategories&post=30387"},{"taxonomy":"post_tag","embeddable":true,"href":"https:\/\/archive.sana.sy\/es\/index.php?rest_route=%2Fwp%2Fv2%2Ftags&post=30387"}],"curies":[{"name":"wp","href":"https:\/\/api.w.org\/{rel}","templated":true}]}}