{"id":303890,"date":"2023-07-16T10:52:55","date_gmt":"2023-07-16T07:52:55","guid":{"rendered":"https:\/\/sana.sy\/es\/?p=303890"},"modified":"2023-07-16T18:18:40","modified_gmt":"2023-07-16T15:18:40","slug":"primer-ministro-iraqui-inicia-visita-oficial-a-siria-y-sera-recibido-por-el-presidente-al-assad","status":"publish","type":"post","link":"https:\/\/archive.sana.sy\/es\/?p=303890","title":{"rendered":"Primer ministro iraqu\u00ed inicia visita oficial a Siria y ser\u00e1 recibido por el presidente Al-Assad"},"content":{"rendered":"<p style=\"text-align: justify;\"><span style=\"color: #800000;\"><strong>Damasco, 16 jul (SANA)<\/strong><\/span>\u00a0 El primer ministro iraqu\u00ed, Muhammad Shia Al-Sudani, lleg\u00f3 esta ma\u00f1ana a Damasco en una visita oficial, durante la cual ser\u00e1 recibido por el presidente Bashar al-Assad\u2026<\/p>\n<p style=\"text-align: justify;\"><strong>Nota en desarrollo\u2026<\/strong><\/p>\n<p>&nbsp;<\/p>\n","protected":false},"excerpt":{"rendered":"<p>Damasco, 16 jul (SANA)\u00a0 El primer ministro iraqu\u00ed, Muhammad Shia Al-Sudani, lleg\u00f3 esta ma\u00f1ana a Damasco en una visita oficial, durante la cual ser\u00e1 recibido por el presidente Bashar al-Assad\u2026 Nota en desarrollo\u2026 &nbsp;<\/p>\n","protected":false},"author":35,"featured_media":303891,"comment_status":"closed","ping_status":"closed","sticky":false,"template":"","format":"standard","meta":{"footnotes":""},"categories":[477,447,597,20724,476,7541],"tags":[5835,6553],"class_list":["post-303890","post","type-post","status-publish","format-standard","has-post-thumbnail","","category-noticias-edulcorantes","category-local-politica","category-cinta-de-noticias","category-minuto-a-minuto","category-locales","category-ultimas-noticias","tag-iraq","tag-siria"],"_links":{"self":[{"href":"https:\/\/archive.sana.sy\/es\/index.php?rest_route=\/wp\/v2\/posts\/303890"}],"collection":[{"href":"https:\/\/archive.sana.sy\/es\/index.php?rest_route=\/wp\/v2\/posts"}],"about":[{"href":"https:\/\/archive.sana.sy\/es\/index.php?rest_route=\/wp\/v2\/types\/post"}],"author":[{"embeddable":true,"href":"https:\/\/archive.sana.sy\/es\/index.php?rest_route=\/wp\/v2\/users\/35"}],"replies":[{"embeddable":true,"href":"https:\/\/archive.sana.sy\/es\/index.php?rest_route=%2Fwp%2Fv2%2Fcomments&post=303890"}],"version-history":[{"count":1,"href":"https:\/\/archive.sana.sy\/es\/index.php?rest_route=\/wp\/v2\/posts\/303890\/revisions"}],"predecessor-version":[{"id":303892,"href":"https:\/\/archive.sana.sy\/es\/index.php?rest_route=\/wp\/v2\/posts\/303890\/revisions\/303892"}],"wp:featuredmedia":[{"embeddable":true,"href":"https:\/\/archive.sana.sy\/es\/index.php?rest_route=\/wp\/v2\/media\/303891"}],"wp:attachment":[{"href":"https:\/\/archive.sana.sy\/es\/index.php?rest_route=%2Fwp%2Fv2%2Fmedia&parent=303890"}],"wp:term":[{"taxonomy":"category","embeddable":true,"href":"https:\/\/archive.sana.sy\/es\/index.php?rest_route=%2Fwp%2Fv2%2Fcategories&post=303890"},{"taxonomy":"post_tag","embeddable":true,"href":"https:\/\/archive.sana.sy\/es\/index.php?rest_route=%2Fwp%2Fv2%2Ftags&post=303890"}],"curies":[{"name":"wp","href":"https:\/\/api.w.org\/{rel}","templated":true}]}}