{"id":303894,"date":"2023-07-16T11:38:18","date_gmt":"2023-07-16T08:38:18","guid":{"rendered":"https:\/\/sana.sy\/es\/?p=303894"},"modified":"2023-07-16T18:18:27","modified_gmt":"2023-07-16T15:18:27","slug":"putin-si-ucrania-utiliza-municiones-de-racismo-contra-nosostros-responderemos-de-manera-reciproca","status":"publish","type":"post","link":"https:\/\/archive.sana.sy\/es\/?p=303894","title":{"rendered":"Putin: Si Ucrania utiliza municiones de racismo contra nosostros responderemos de manera rec\u00edproca"},"content":{"rendered":"<blockquote>\n<p style=\"text-align: justify;\"><span style=\"color: #800000;\">&#8220;Rusia a\u00fan no ha tenido necesidad de utilizar municiones de racimo, pero si las utilizan contra nosotros, tenemos derecho a tomar medidas de reciprocas&#8221;<\/span><\/p>\n<\/blockquote>\n<p style=\"text-align: justify;\"><span style=\"color: #800000;\"><strong>Mosc\u00fa, 16 jul (SANA)<\/strong>\u00a0<\/span> El presidente de Rusia, Vlad\u00edmir Putin, dijo hoy que el suministro de municiones de racimo al r\u00e9gimen de Kiev deber\u00eda considerarse un crimen, y agreg\u00f3 que tiempo atr\u00e1s los propios estadounidenses calificaban as\u00ed su uso.<\/p>\n<p style=\"text-align: justify;\">El mandatario revel\u00f3 que Mosc\u00fa tiene suficientes reservas de este tipo de municiones y se reserva el derecho a utilizarlas como medida sim\u00e9trica.<\/p>\n<p style=\"text-align: justify;\"><img loading=\"lazy\" decoding=\"async\" class=\" wp-image-303896 alignright\" src=\"http:\/\/sana.sy\/es\/wp-content\/uploads\/2023\/07\/photo_2023-07-16_11-31-45-300x208.jpg\" alt=\"\" width=\"265\" height=\"184\" srcset=\"https:\/\/archive.sana.sy\/es\/wp-content\/uploads\/2023\/07\/photo_2023-07-16_11-31-45-300x208.jpg 300w, https:\/\/archive.sana.sy\/es\/wp-content\/uploads\/2023\/07\/photo_2023-07-16_11-31-45-150x104.jpg 150w, https:\/\/archive.sana.sy\/es\/wp-content\/uploads\/2023\/07\/photo_2023-07-16_11-31-45-768x532.jpg 768w, https:\/\/archive.sana.sy\/es\/wp-content\/uploads\/2023\/07\/photo_2023-07-16_11-31-45-110x75.jpg 110w, https:\/\/archive.sana.sy\/es\/wp-content\/uploads\/2023\/07\/photo_2023-07-16_11-31-45.jpg 923w\" sizes=\"(max-width: 265px) 100vw, 265px\" \/><\/p>\n<p style=\"text-align: justify;\">Agreg\u00f3 que &#8220;Rusia a\u00fan no ha tenido necesidad de utilizar municiones de racimo, pero si las utilizan contra nosotros, tenemos derecho a tomar medidas de reciprocas&#8221;<\/p>\n<p style=\"text-align: justify;\">&#8220;Washington env\u00eda a Kiev este tipo de armamento porque atraviesa una escasez de proyectiles en general. El Ej\u00e9rcito ucraniano usa entre 5.000 y 6.000 municiones de calibre de 155 mm al d\u00eda, mientras que EE.UU. fabrica 15.000 al mes&#8221;, reafirm\u00f3 el Gobernante.<\/p>\n<p style=\"text-align: justify;\"><strong>fm\/ws<\/strong><\/p>\n","protected":false},"excerpt":{"rendered":"<p>&#8220;Rusia a\u00fan no ha tenido necesidad de utilizar municiones de racimo, pero si las utilizan contra nosotros, tenemos derecho a tomar medidas de reciprocas&#8221; Mosc\u00fa, 16 jul (SANA)\u00a0 El presidente de Rusia, Vlad\u00edmir Putin, dijo hoy que el suministro de municiones de racimo al r\u00e9gimen de Kiev deber\u00eda considerarse un crimen, y agreg\u00f3 que tiempo &hellip;<\/p>\n","protected":false},"author":35,"featured_media":303895,"comment_status":"closed","ping_status":"closed","sticky":false,"template":"","format":"standard","meta":{"footnotes":""},"categories":[597,456,16687,20724,7541],"tags":[8596,22272,6695,20357],"class_list":["post-303894","post","type-post","status-publish","format-standard","has-post-thumbnail","","category-cinta-de-noticias","category-arabe-internacional-politica","category-internacionales","category-minuto-a-minuto","category-ultimas-noticias","tag-putin","tag-racismo","tag-rusia","tag-ucrania"],"_links":{"self":[{"href":"https:\/\/archive.sana.sy\/es\/index.php?rest_route=\/wp\/v2\/posts\/303894"}],"collection":[{"href":"https:\/\/archive.sana.sy\/es\/index.php?rest_route=\/wp\/v2\/posts"}],"about":[{"href":"https:\/\/archive.sana.sy\/es\/index.php?rest_route=\/wp\/v2\/types\/post"}],"author":[{"embeddable":true,"href":"https:\/\/archive.sana.sy\/es\/index.php?rest_route=\/wp\/v2\/users\/35"}],"replies":[{"embeddable":true,"href":"https:\/\/archive.sana.sy\/es\/index.php?rest_route=%2Fwp%2Fv2%2Fcomments&post=303894"}],"version-history":[{"count":1,"href":"https:\/\/archive.sana.sy\/es\/index.php?rest_route=\/wp\/v2\/posts\/303894\/revisions"}],"predecessor-version":[{"id":303897,"href":"https:\/\/archive.sana.sy\/es\/index.php?rest_route=\/wp\/v2\/posts\/303894\/revisions\/303897"}],"wp:featuredmedia":[{"embeddable":true,"href":"https:\/\/archive.sana.sy\/es\/index.php?rest_route=\/wp\/v2\/media\/303895"}],"wp:attachment":[{"href":"https:\/\/archive.sana.sy\/es\/index.php?rest_route=%2Fwp%2Fv2%2Fmedia&parent=303894"}],"wp:term":[{"taxonomy":"category","embeddable":true,"href":"https:\/\/archive.sana.sy\/es\/index.php?rest_route=%2Fwp%2Fv2%2Fcategories&post=303894"},{"taxonomy":"post_tag","embeddable":true,"href":"https:\/\/archive.sana.sy\/es\/index.php?rest_route=%2Fwp%2Fv2%2Ftags&post=303894"}],"curies":[{"name":"wp","href":"https:\/\/api.w.org\/{rel}","templated":true}]}}